{"id":16873,"date":"2025-09-08T14:42:27","date_gmt":"2025-09-08T12:42:27","guid":{"rendered":"https:\/\/lucia-rapetti.com\/?p=16873"},"modified":"2025-11-03T14:44:20","modified_gmt":"2025-11-03T13:44:20","slug":"crema-viso-natural-complexion-radiance-come-ritrovare-una-pelle-luminosa","status":"publish","type":"post","link":"https:\/\/lucia-rapetti.com\/it\/2025\/09\/08\/crema-viso-natural-complexion-radiance-come-ritrovare-una-pelle-luminosa\/","title":{"rendered":"Crema viso Natural complexion radiance: come ripristinare una pelle luminosa?"},"content":{"rendered":"<div data-elementor-type=\"wp-post\" data-elementor-id=\"16873\" class=\"elementor elementor-16873\" data-elementor-post-type=\"post\">\n\t\t\t\t<div class=\"elementor-element elementor-element-60f5836 e-flex e-con-boxed e-con e-parent\" data-id=\"60f5836\" data-element_type=\"container\" data-e-type=\"container\">\n\t\t\t\t\t<div class=\"e-con-inner\">\n\t\t\t\t<div class=\"elementor-element elementor-element-cdaca19 elementor-widget elementor-widget-text-editor\" data-id=\"cdaca19\" data-element_type=\"widget\" data-e-type=\"widget\" data-widget_type=\"text-editor.default\">\n\t\t\t\t<div class=\"elementor-widget-container\">\n\t\t\t\t\t\t\t\t\t<p data-start=\"366\" data-end=\"760\">Colorito spento, mancanza di vitalit\u00e0, piccole irregolarit\u00e0... Questi segni colpiscono molte donne, indipendentemente dall'et\u00e0 e dal tipo di pelle. La soluzione? A <strong data-start=\"529\" data-end=\"570\">crema viso natural radiance<\/strong>\u00c8 il prodotto ideale per la cura della pelle, capace di risvegliare la sua naturale luminosit\u00e0 rispettandola. In questo articolo scoprirete come scegliere il trattamento ideale e farlo diventare parte della vostra routine di bellezza quotidiana.<\/p><hr data-start=\"762\" data-end=\"765\" \/><h3 data-start=\"767\" data-end=\"810\">Perch\u00e9 l'incarnato perde luminosit\u00e0?<\/h3><p data-start=\"811\" data-end=\"857\">Diversi fattori possono opacizzare l'incarnato:<\/p><ul data-start=\"858\" data-end=\"1009\"><li data-start=\"858\" data-end=\"897\"><p data-start=\"860\" data-end=\"897\">inquinamento e stress ossidativo,<\/p><\/li><li data-start=\"898\" data-end=\"937\"><p data-start=\"900\" data-end=\"937\">stanchezza e mancanza di sonno,<\/p><\/li><li data-start=\"938\" data-end=\"971\"><p data-start=\"940\" data-end=\"971\">idratazione insufficiente,<\/p><\/li><li data-start=\"972\" data-end=\"1009\"><p data-start=\"974\" data-end=\"1009\">invecchiamento naturale della pelle.<\/p><\/li><\/ul><p data-start=\"1011\" data-end=\"1083\">Il risultato: la pelle appare pi\u00f9 spenta, stanca e priva di uniformit\u00e0.<\/p><hr data-start=\"1085\" data-end=\"1088\" \/><h3 data-start=\"1090\" data-end=\"1150\">La soluzione: una crema naturale ad alta luminosit\u00e0<\/h3><p data-start=\"1151\" data-end=\"1495\">A differenza dei prodotti tradizionali per la cura della pelle, che spesso si affidano a siliconi o a pigmenti di superficie, un <strong data-start=\"1255\" data-end=\"1299\">crema viso naturale senza parabeni<\/strong> agisce in profondit\u00e0 grazie a principi attivi vegetali e marini. Nutre l'epidermide, stimola il rinnovamento cellulare e favorisce la microcircolazione, per una luminosit\u00e0 duratura e non artificiale.<\/p><hr data-start=\"1497\" data-end=\"1500\" \/><h3 data-start=\"1502\" data-end=\"1560\">Che tipo di crema naturale scegliere per la mia pelle?<\/h3><ul data-start=\"1561\" data-end=\"2103\"><li data-start=\"1561\" data-end=\"1713\"><p data-start=\"1563\" data-end=\"1713\"><strong data-start=\"1563\" data-end=\"1577\">Pelle secca<\/strong> \u2192 scegliere un <strong data-start=\"1596\" data-end=\"1637\">crema idratante naturale per pelli secche<\/strong> arricchito con principi attivi rimineralizzanti per ripristinare il film idrolipidico.<\/p><\/li><li data-start=\"1714\" data-end=\"1835\"><p data-start=\"1716\" data-end=\"1835\"><strong data-start=\"1716\" data-end=\"1733\">Pelle sensibile<\/strong> \u2192 optate per una crema delicata, lenitiva e protettiva per ravvivare l'incarnato senza irritare la pelle.<\/p><\/li><li data-start=\"1836\" data-end=\"1948\"><p data-start=\"1838\" data-end=\"1948\"><strong data-start=\"1838\" data-end=\"1861\">Pelle da mista a grassa<\/strong> \u2192 optate per una formula purificante che matifica e restituisce freschezza e luminosit\u00e0.<\/p><\/li><li data-start=\"1949\" data-end=\"2103\"><p data-start=\"1951\" data-end=\"2103\"><strong data-start=\"1951\" data-end=\"1966\">Pelle matura<\/strong> \u2192 scegliere una crema rigenerante come <strong data-start=\"2011\" data-end=\"2023\">Genialys<\/strong>che agisce sull'ovale del viso, restituendo compattezza, uniformit\u00e0 e luminosit\u00e0.<\/p><\/li><\/ul><p>Un microbiota equilibrato contribuisce anche a una <a class=\"decorated-link cursor-pointer\" href=\"https:\/\/lucia-rapetti.com\/it\/microbiota-cutaneo\/\" rel=\"noopener\" data-start=\"1267\" data-end=\"1311\">colorito luminoso e uniforme<\/a><\/p><hr data-start=\"2105\" data-end=\"2108\" \/><h3 data-start=\"2110\" data-end=\"2163\">Incorporare una crema di luminosit\u00e0 nella propria routine di bellezza<\/h3><p data-start=\"2164\" data-end=\"2293\">La crema da sola non \u00e8 sufficiente. Per massimizzarne l'efficacia, \u00e8 consigliabile combinarla con una crema <strong data-start=\"2244\" data-end=\"2279\">routine di bellezza naturale per il viso<\/strong> coerente :<\/p><ol data-start=\"2294\" data-end=\"2482\"><li data-start=\"2294\" data-end=\"2339\"><p data-start=\"2297\" data-end=\"2339\">Detergere il viso con un prodotto delicato per la pelle.<\/p><\/li><li data-start=\"2340\" data-end=\"2401\"><p data-start=\"2343\" data-end=\"2401\">Applicare un siero mirato (idratante, anti-et\u00e0 o di luminosit\u00e0).<\/p><\/li><li data-start=\"2402\" data-end=\"2482\"><p data-start=\"2405\" data-end=\"2482\">Terminate con il vostro <strong data-start=\"2424\" data-end=\"2465\">crema viso natural radiance<\/strong> mattina e sera.<\/p><\/li><\/ol><p data-start=\"2484\" data-end=\"2615\">\ud83d\udc49 Questo rituale aiuta a uniformare la grana della pelle, a ridurre le macchie pigmentarie e a ripristinare la naturale luminosit\u00e0 del viso.<\/p><hr data-start=\"2617\" data-end=\"2620\" \/><h3 data-start=\"2622\" data-end=\"2638\">Conclusione<\/h3><p data-start=\"2639\" data-end=\"2852\">Per ritrovare una carnagione radiosa non \u00e8 necessario il trucco, ma la giusta cura della pelle. A <strong data-start=\"2732\" data-end=\"2773\">crema viso natural radiance<\/strong> fornisce idratazione, rigenerazione e protezione, rispettando la pelle.<\/p><p data-start=\"2854\" data-end=\"3024\">\ud83d\udca1 Scoprite il nostro <a href=\"https:\/\/lucia-rapetti.com\/it\/categoria-di-prodotto\/viso\/creme-naturali-viso\/\">crema viso naturale<\/a> Genialys e comporre un <strong data-start=\"2948\" data-end=\"2983\">routine di bellezza naturale per il viso<\/strong> completo di trattamenti di Lucia Rapetti.<\/p>\t\t\t\t\t\t\t\t<\/div>\n\t\t\t\t<\/div>\n\t\t\t\t\t<\/div>\n\t\t\t\t<\/div>\n\t\t\t\t<\/div>","protected":false},"excerpt":{"rendered":"<p>Teint terne, manque de vitalit\u00e9, petites irr\u00e9gularit\u00e9s\u2026 Ces signes concernent de nombreuses femmes, quel que soit leur \u00e2ge ou leur type de peau. La solution ? Une cr\u00e8me naturelle visage \u00e9clat du teint, capable de r\u00e9veiller la luminosit\u00e9 naturelle de la peau tout en la respectant. Dans cet article, d\u00e9couvrez comment choisir le soin id\u00e9al [&hellip;]<\/p>\n","protected":false},"author":1,"featured_media":4797,"comment_status":"closed","ping_status":"closed","sticky":false,"template":"","format":"standard","meta":{"_acf_changed":false,"site-sidebar-layout":"default","site-content-layout":"","ast-site-content-layout":"default","site-content-style":"default","site-sidebar-style":"default","ast-global-header-display":"","ast-banner-title-visibility":"","ast-main-header-display":"","ast-hfb-above-header-display":"","ast-hfb-below-header-display":"","ast-hfb-mobile-header-display":"","site-post-title":"","ast-breadcrumbs-content":"","ast-featured-img":"","footer-sml-layout":"","ast-disable-related-posts":"","theme-transparent-header-meta":"","adv-header-id-meta":"","stick-header-meta":"","header-above-stick-meta":"","header-main-stick-meta":"","header-below-stick-meta":"","astra-migrate-meta-layouts":"set","ast-page-background-enabled":"default","ast-page-background-meta":{"desktop":{"background-color":"var(--ast-global-color-4)","background-image":"","background-repeat":"repeat","background-position":"center center","background-size":"auto","background-attachment":"scroll","background-type":"","background-media":"","overlay-type":"","overlay-color":"","overlay-opacity":"","overlay-gradient":""},"tablet":{"background-color":"","background-image":"","background-repeat":"repeat","background-position":"center center","background-size":"auto","background-attachment":"scroll","background-type":"","background-media":"","overlay-type":"","overlay-color":"","overlay-opacity":"","overlay-gradient":""},"mobile":{"background-color":"","background-image":"","background-repeat":"repeat","background-position":"center center","background-size":"auto","background-attachment":"scroll","background-type":"","background-media":"","overlay-type":"","overlay-color":"","overlay-opacity":"","overlay-gradient":""}},"ast-content-background-meta":{"desktop":{"background-color":"var(--ast-global-color-5)","background-image":"","background-repeat":"repeat","background-position":"center center","background-size":"auto","background-attachment":"scroll","background-type":"","background-media":"","overlay-type":"","overlay-color":"","overlay-opacity":"","overlay-gradient":""},"tablet":{"background-color":"var(--ast-global-color-5)","background-image":"","background-repeat":"repeat","background-position":"center center","background-size":"auto","background-attachment":"scroll","background-type":"","background-media":"","overlay-type":"","overlay-color":"","overlay-opacity":"","overlay-gradient":""},"mobile":{"background-color":"var(--ast-global-color-5)","background-image":"","background-repeat":"repeat","background-position":"center center","background-size":"auto","background-attachment":"scroll","background-type":"","background-media":"","overlay-type":"","overlay-color":"","overlay-opacity":"","overlay-gradient":""}},"footnotes":""},"categories":[105,113],"tags":[],"class_list":["post-16873","post","type-post","status-publish","format-standard","has-post-thumbnail","hentry","category-anti-age","category-beaute-naturelle"],"acf":[],"yoast_head":"<!-- This site is optimized with the Yoast SEO plugin v27.4 - https:\/\/yoast.com\/product\/yoast-seo-wordpress\/ -->\n<title>Cr\u00e8me naturelle visage \u00e9clat du teint : comment retrouver une peau lumineuse ? - Lucia Rapetti Laboratoire Naturel<\/title>\n<meta name=\"robots\" content=\"index, follow, max-snippet:-1, max-image-preview:large, max-video-preview:-1\" \/>\n<link rel=\"canonical\" href=\"https:\/\/lucia-rapetti.com\/it\/2025\/09\/08\/crema-viso-natural-complexion-radiance-come-ritrovare-una-pelle-luminosa\/\" \/>\n<meta property=\"og:locale\" content=\"it_IT\" \/>\n<meta property=\"og:type\" content=\"article\" \/>\n<meta property=\"og:title\" content=\"Cr\u00e8me naturelle visage \u00e9clat du teint : comment retrouver une peau lumineuse ? - Lucia Rapetti Laboratoire Naturel\" \/>\n<meta property=\"og:description\" content=\"Teint terne, manque de vitalit\u00e9, petites irr\u00e9gularit\u00e9s\u2026 Ces signes concernent de nombreuses femmes, quel que soit leur \u00e2ge ou leur type de peau. La solution ? Une cr\u00e8me naturelle visage \u00e9clat du teint, capable de r\u00e9veiller la luminosit\u00e9 naturelle de la peau tout en la respectant. Dans cet article, d\u00e9couvrez comment choisir le soin id\u00e9al [&hellip;]\" \/>\n<meta property=\"og:url\" content=\"https:\/\/lucia-rapetti.com\/it\/2025\/09\/08\/crema-viso-natural-complexion-radiance-come-ritrovare-una-pelle-luminosa\/\" \/>\n<meta property=\"og:site_name\" content=\"Lucia Rapetti Laboratoire Naturel\" \/>\n<meta property=\"article:publisher\" content=\"https:\/\/www.facebook.com\/luciarapettiofficial\" \/>\n<meta property=\"article:published_time\" content=\"2025-09-08T12:42:27+00:00\" \/>\n<meta property=\"article:modified_time\" content=\"2025-11-03T13:44:20+00:00\" \/>\n<meta property=\"og:image\" content=\"https:\/\/lucia-rapetti.com\/wp-content\/uploads\/2024\/02\/LR-sito-soins-600x6002-1.jpg\" \/>\n\t<meta property=\"og:image:width\" content=\"600\" \/>\n\t<meta property=\"og:image:height\" content=\"600\" \/>\n\t<meta property=\"og:image:type\" content=\"image\/jpeg\" \/>\n<meta name=\"author\" content=\"comanddesign\" \/>\n<meta name=\"twitter:card\" content=\"summary_large_image\" \/>\n<meta name=\"twitter:label1\" content=\"Scritto da\" \/>\n\t<meta name=\"twitter:data1\" content=\"comanddesign\" \/>\n\t<meta name=\"twitter:label2\" content=\"Tempo di lettura stimato\" \/>\n\t<meta name=\"twitter:data2\" content=\"3 minuti\" \/>\n<script type=\"application\/ld+json\" class=\"yoast-schema-graph\">{\"@context\":\"https:\\\/\\\/schema.org\",\"@graph\":[{\"@type\":\"Article\",\"@id\":\"https:\\\/\\\/lucia-rapetti.com\\\/2025\\\/09\\\/08\\\/creme-naturelle-visage-eclat-du-teint-comment-retrouver-une-peau-lumineuse\\\/#article\",\"isPartOf\":{\"@id\":\"https:\\\/\\\/lucia-rapetti.com\\\/2025\\\/09\\\/08\\\/creme-naturelle-visage-eclat-du-teint-comment-retrouver-une-peau-lumineuse\\\/\"},\"author\":{\"name\":\"comanddesign\",\"@id\":\"https:\\\/\\\/lucia-rapetti.com\\\/#\\\/schema\\\/person\\\/998552a7012c90388f667a7c785e867c\"},\"headline\":\"Cr\u00e8me naturelle visage \u00e9clat du teint : comment retrouver une peau lumineuse ?\",\"datePublished\":\"2025-09-08T12:42:27+00:00\",\"dateModified\":\"2025-11-03T13:44:20+00:00\",\"mainEntityOfPage\":{\"@id\":\"https:\\\/\\\/lucia-rapetti.com\\\/2025\\\/09\\\/08\\\/creme-naturelle-visage-eclat-du-teint-comment-retrouver-une-peau-lumineuse\\\/\"},\"wordCount\":435,\"publisher\":{\"@id\":\"https:\\\/\\\/lucia-rapetti.com\\\/#organization\"},\"image\":{\"@id\":\"https:\\\/\\\/lucia-rapetti.com\\\/2025\\\/09\\\/08\\\/creme-naturelle-visage-eclat-du-teint-comment-retrouver-une-peau-lumineuse\\\/#primaryimage\"},\"thumbnailUrl\":\"https:\\\/\\\/lucia-rapetti.com\\\/wp-content\\\/uploads\\\/2024\\\/02\\\/LR-sito-soins-600x6002-1.jpg\",\"articleSection\":[\"Anti-\u00e2ge\",\"Beaut\u00e9 Naturelle\"],\"inLanguage\":\"it-IT\"},{\"@type\":\"WebPage\",\"@id\":\"https:\\\/\\\/lucia-rapetti.com\\\/2025\\\/09\\\/08\\\/creme-naturelle-visage-eclat-du-teint-comment-retrouver-une-peau-lumineuse\\\/\",\"url\":\"https:\\\/\\\/lucia-rapetti.com\\\/2025\\\/09\\\/08\\\/creme-naturelle-visage-eclat-du-teint-comment-retrouver-une-peau-lumineuse\\\/\",\"name\":\"Cr\u00e8me naturelle visage \u00e9clat du teint : comment retrouver une peau lumineuse ? - Lucia Rapetti Laboratoire Naturel\",\"isPartOf\":{\"@id\":\"https:\\\/\\\/lucia-rapetti.com\\\/#website\"},\"primaryImageOfPage\":{\"@id\":\"https:\\\/\\\/lucia-rapetti.com\\\/2025\\\/09\\\/08\\\/creme-naturelle-visage-eclat-du-teint-comment-retrouver-une-peau-lumineuse\\\/#primaryimage\"},\"image\":{\"@id\":\"https:\\\/\\\/lucia-rapetti.com\\\/2025\\\/09\\\/08\\\/creme-naturelle-visage-eclat-du-teint-comment-retrouver-une-peau-lumineuse\\\/#primaryimage\"},\"thumbnailUrl\":\"https:\\\/\\\/lucia-rapetti.com\\\/wp-content\\\/uploads\\\/2024\\\/02\\\/LR-sito-soins-600x6002-1.jpg\",\"datePublished\":\"2025-09-08T12:42:27+00:00\",\"dateModified\":\"2025-11-03T13:44:20+00:00\",\"breadcrumb\":{\"@id\":\"https:\\\/\\\/lucia-rapetti.com\\\/2025\\\/09\\\/08\\\/creme-naturelle-visage-eclat-du-teint-comment-retrouver-une-peau-lumineuse\\\/#breadcrumb\"},\"inLanguage\":\"it-IT\",\"potentialAction\":[{\"@type\":\"ReadAction\",\"target\":[\"https:\\\/\\\/lucia-rapetti.com\\\/2025\\\/09\\\/08\\\/creme-naturelle-visage-eclat-du-teint-comment-retrouver-une-peau-lumineuse\\\/\"]}]},{\"@type\":\"ImageObject\",\"inLanguage\":\"it-IT\",\"@id\":\"https:\\\/\\\/lucia-rapetti.com\\\/2025\\\/09\\\/08\\\/creme-naturelle-visage-eclat-du-teint-comment-retrouver-une-peau-lumineuse\\\/#primaryimage\",\"url\":\"https:\\\/\\\/lucia-rapetti.com\\\/wp-content\\\/uploads\\\/2024\\\/02\\\/LR-sito-soins-600x6002-1.jpg\",\"contentUrl\":\"https:\\\/\\\/lucia-rapetti.com\\\/wp-content\\\/uploads\\\/2024\\\/02\\\/LR-sito-soins-600x6002-1.jpg\",\"width\":600,\"height\":600,\"caption\":\"Cr\u00e8me naturelle visage \u00e9clat du teint : comment retrouver une peau lumineuse ?\"},{\"@type\":\"BreadcrumbList\",\"@id\":\"https:\\\/\\\/lucia-rapetti.com\\\/2025\\\/09\\\/08\\\/creme-naturelle-visage-eclat-du-teint-comment-retrouver-une-peau-lumineuse\\\/#breadcrumb\",\"itemListElement\":[{\"@type\":\"ListItem\",\"position\":1,\"name\":\"Lucia Rapetti\",\"item\":\"https:\\\/\\\/lucia-rapetti.com\\\/\"},{\"@type\":\"ListItem\",\"position\":2,\"name\":\"Anti-\u00e2ge\",\"item\":\"https:\\\/\\\/lucia-rapetti.com\\\/category\\\/anti-age\\\/\"},{\"@type\":\"ListItem\",\"position\":3,\"name\":\"Cr\u00e8me naturelle visage \u00e9clat du teint : comment retrouver une peau lumineuse ?\"}]},{\"@type\":\"WebSite\",\"@id\":\"https:\\\/\\\/lucia-rapetti.com\\\/#website\",\"url\":\"https:\\\/\\\/lucia-rapetti.com\\\/\",\"name\":\"Lucia Rapetti Laboratoire Naturel\",\"description\":\"Laboratoire de cosm\u00e9tique naturel et beaut\u00e9\",\"publisher\":{\"@id\":\"https:\\\/\\\/lucia-rapetti.com\\\/#organization\"},\"potentialAction\":[{\"@type\":\"SearchAction\",\"target\":{\"@type\":\"EntryPoint\",\"urlTemplate\":\"https:\\\/\\\/lucia-rapetti.com\\\/?s={search_term_string}\"},\"query-input\":{\"@type\":\"PropertyValueSpecification\",\"valueRequired\":true,\"valueName\":\"search_term_string\"}}],\"inLanguage\":\"it-IT\"},{\"@type\":\"Organization\",\"@id\":\"https:\\\/\\\/lucia-rapetti.com\\\/#organization\",\"name\":\"Lucia Rapetti Laboratoire Naturel\",\"alternateName\":\"LR\",\"url\":\"https:\\\/\\\/lucia-rapetti.com\\\/\",\"logo\":{\"@type\":\"ImageObject\",\"inLanguage\":\"it-IT\",\"@id\":\"https:\\\/\\\/lucia-rapetti.com\\\/#\\\/schema\\\/logo\\\/image\\\/\",\"url\":\"https:\\\/\\\/lucia-rapetti.com\\\/wp-content\\\/uploads\\\/2023\\\/04\\\/cropped-lucia-rapetti-logo-1.png\",\"contentUrl\":\"https:\\\/\\\/lucia-rapetti.com\\\/wp-content\\\/uploads\\\/2023\\\/04\\\/cropped-lucia-rapetti-logo-1.png\",\"width\":850,\"height\":142,\"caption\":\"Lucia Rapetti Laboratoire Naturel\"},\"image\":{\"@id\":\"https:\\\/\\\/lucia-rapetti.com\\\/#\\\/schema\\\/logo\\\/image\\\/\"},\"sameAs\":[\"https:\\\/\\\/www.facebook.com\\\/luciarapettiofficial\",\"https:\\\/\\\/www.instagram.com\\\/luciarapettiofficial\\\/\"]},{\"@type\":\"Person\",\"@id\":\"https:\\\/\\\/lucia-rapetti.com\\\/#\\\/schema\\\/person\\\/998552a7012c90388f667a7c785e867c\",\"name\":\"comanddesign\",\"image\":{\"@type\":\"ImageObject\",\"inLanguage\":\"it-IT\",\"@id\":\"https:\\\/\\\/secure.gravatar.com\\\/avatar\\\/27c210af2472b79045a22c67a02dc2e84d697a703065450f2ac9a83e96d5036c?s=96&d=mm&r=g\",\"url\":\"https:\\\/\\\/secure.gravatar.com\\\/avatar\\\/27c210af2472b79045a22c67a02dc2e84d697a703065450f2ac9a83e96d5036c?s=96&d=mm&r=g\",\"contentUrl\":\"https:\\\/\\\/secure.gravatar.com\\\/avatar\\\/27c210af2472b79045a22c67a02dc2e84d697a703065450f2ac9a83e96d5036c?s=96&d=mm&r=g\",\"caption\":\"comanddesign\"},\"sameAs\":[\"https:\\\/\\\/client.comanddesign.com\"],\"url\":\"https:\\\/\\\/lucia-rapetti.com\\\/it\\\/author\\\/comanddesign\\\/\"}]}<\/script>\n<!-- \/ Yoast SEO plugin. -->","yoast_head_json":{"title":"Crema viso Natural Radiance: come ottenere una pelle luminosa? - Lucia Rapetti Laboratoire Naturel","robots":{"index":"index","follow":"follow","max-snippet":"max-snippet:-1","max-image-preview":"max-image-preview:large","max-video-preview":"max-video-preview:-1"},"canonical":"https:\/\/lucia-rapetti.com\/it\/2025\/09\/08\/crema-viso-natural-complexion-radiance-come-ritrovare-una-pelle-luminosa\/","og_locale":"it_IT","og_type":"article","og_title":"Cr\u00e8me naturelle visage \u00e9clat du teint : comment retrouver une peau lumineuse ? - Lucia Rapetti Laboratoire Naturel","og_description":"Teint terne, manque de vitalit\u00e9, petites irr\u00e9gularit\u00e9s\u2026 Ces signes concernent de nombreuses femmes, quel que soit leur \u00e2ge ou leur type de peau. La solution ? Une cr\u00e8me naturelle visage \u00e9clat du teint, capable de r\u00e9veiller la luminosit\u00e9 naturelle de la peau tout en la respectant. Dans cet article, d\u00e9couvrez comment choisir le soin id\u00e9al [&hellip;]","og_url":"https:\/\/lucia-rapetti.com\/it\/2025\/09\/08\/crema-viso-natural-complexion-radiance-come-ritrovare-una-pelle-luminosa\/","og_site_name":"Lucia Rapetti Laboratoire Naturel","article_publisher":"https:\/\/www.facebook.com\/luciarapettiofficial","article_published_time":"2025-09-08T12:42:27+00:00","article_modified_time":"2025-11-03T13:44:20+00:00","og_image":[{"width":600,"height":600,"url":"https:\/\/lucia-rapetti.com\/wp-content\/uploads\/2024\/02\/LR-sito-soins-600x6002-1.jpg","type":"image\/jpeg"}],"author":"comanddesign","twitter_card":"summary_large_image","twitter_misc":{"Scritto da":"comanddesign","Tempo di lettura stimato":"3 minuti"},"schema":{"@context":"https:\/\/schema.org","@graph":[{"@type":"Article","@id":"https:\/\/lucia-rapetti.com\/2025\/09\/08\/creme-naturelle-visage-eclat-du-teint-comment-retrouver-une-peau-lumineuse\/#article","isPartOf":{"@id":"https:\/\/lucia-rapetti.com\/2025\/09\/08\/creme-naturelle-visage-eclat-du-teint-comment-retrouver-une-peau-lumineuse\/"},"author":{"name":"comanddesign","@id":"https:\/\/lucia-rapetti.com\/#\/schema\/person\/998552a7012c90388f667a7c785e867c"},"headline":"Cr\u00e8me naturelle visage \u00e9clat du teint : comment retrouver une peau lumineuse ?","datePublished":"2025-09-08T12:42:27+00:00","dateModified":"2025-11-03T13:44:20+00:00","mainEntityOfPage":{"@id":"https:\/\/lucia-rapetti.com\/2025\/09\/08\/creme-naturelle-visage-eclat-du-teint-comment-retrouver-une-peau-lumineuse\/"},"wordCount":435,"publisher":{"@id":"https:\/\/lucia-rapetti.com\/#organization"},"image":{"@id":"https:\/\/lucia-rapetti.com\/2025\/09\/08\/creme-naturelle-visage-eclat-du-teint-comment-retrouver-une-peau-lumineuse\/#primaryimage"},"thumbnailUrl":"https:\/\/lucia-rapetti.com\/wp-content\/uploads\/2024\/02\/LR-sito-soins-600x6002-1.jpg","articleSection":["Anti-\u00e2ge","Beaut\u00e9 Naturelle"],"inLanguage":"it-IT"},{"@type":"WebPage","@id":"https:\/\/lucia-rapetti.com\/2025\/09\/08\/creme-naturelle-visage-eclat-du-teint-comment-retrouver-une-peau-lumineuse\/","url":"https:\/\/lucia-rapetti.com\/2025\/09\/08\/creme-naturelle-visage-eclat-du-teint-comment-retrouver-une-peau-lumineuse\/","name":"Crema viso Natural Radiance: come ottenere una pelle luminosa? - Lucia Rapetti Laboratoire Naturel","isPartOf":{"@id":"https:\/\/lucia-rapetti.com\/#website"},"primaryImageOfPage":{"@id":"https:\/\/lucia-rapetti.com\/2025\/09\/08\/creme-naturelle-visage-eclat-du-teint-comment-retrouver-une-peau-lumineuse\/#primaryimage"},"image":{"@id":"https:\/\/lucia-rapetti.com\/2025\/09\/08\/creme-naturelle-visage-eclat-du-teint-comment-retrouver-une-peau-lumineuse\/#primaryimage"},"thumbnailUrl":"https:\/\/lucia-rapetti.com\/wp-content\/uploads\/2024\/02\/LR-sito-soins-600x6002-1.jpg","datePublished":"2025-09-08T12:42:27+00:00","dateModified":"2025-11-03T13:44:20+00:00","breadcrumb":{"@id":"https:\/\/lucia-rapetti.com\/2025\/09\/08\/creme-naturelle-visage-eclat-du-teint-comment-retrouver-une-peau-lumineuse\/#breadcrumb"},"inLanguage":"it-IT","potentialAction":[{"@type":"ReadAction","target":["https:\/\/lucia-rapetti.com\/2025\/09\/08\/creme-naturelle-visage-eclat-du-teint-comment-retrouver-une-peau-lumineuse\/"]}]},{"@type":"ImageObject","inLanguage":"it-IT","@id":"https:\/\/lucia-rapetti.com\/2025\/09\/08\/creme-naturelle-visage-eclat-du-teint-comment-retrouver-une-peau-lumineuse\/#primaryimage","url":"https:\/\/lucia-rapetti.com\/wp-content\/uploads\/2024\/02\/LR-sito-soins-600x6002-1.jpg","contentUrl":"https:\/\/lucia-rapetti.com\/wp-content\/uploads\/2024\/02\/LR-sito-soins-600x6002-1.jpg","width":600,"height":600,"caption":"Cr\u00e8me naturelle visage \u00e9clat du teint : comment retrouver une peau lumineuse ?"},{"@type":"BreadcrumbList","@id":"https:\/\/lucia-rapetti.com\/2025\/09\/08\/creme-naturelle-visage-eclat-du-teint-comment-retrouver-une-peau-lumineuse\/#breadcrumb","itemListElement":[{"@type":"ListItem","position":1,"name":"Lucia Rapetti","item":"https:\/\/lucia-rapetti.com\/"},{"@type":"ListItem","position":2,"name":"Anti-\u00e2ge","item":"https:\/\/lucia-rapetti.com\/category\/anti-age\/"},{"@type":"ListItem","position":3,"name":"Cr\u00e8me naturelle visage \u00e9clat du teint : comment retrouver une peau lumineuse ?"}]},{"@type":"WebSite","@id":"https:\/\/lucia-rapetti.com\/#website","url":"https:\/\/lucia-rapetti.com\/","name":"Laboratorio Naturale Lucia Rapetti","description":"Laboratorio di cosmetica naturale e di bellezza","publisher":{"@id":"https:\/\/lucia-rapetti.com\/#organization"},"potentialAction":[{"@type":"SearchAction","target":{"@type":"EntryPoint","urlTemplate":"https:\/\/lucia-rapetti.com\/?s={search_term_string}"},"query-input":{"@type":"PropertyValueSpecification","valueRequired":true,"valueName":"search_term_string"}}],"inLanguage":"it-IT"},{"@type":"Organization","@id":"https:\/\/lucia-rapetti.com\/#organization","name":"Laboratorio Naturale Lucia Rapetti","alternateName":"LR","url":"https:\/\/lucia-rapetti.com\/","logo":{"@type":"ImageObject","inLanguage":"it-IT","@id":"https:\/\/lucia-rapetti.com\/#\/schema\/logo\/image\/","url":"https:\/\/lucia-rapetti.com\/wp-content\/uploads\/2023\/04\/cropped-lucia-rapetti-logo-1.png","contentUrl":"https:\/\/lucia-rapetti.com\/wp-content\/uploads\/2023\/04\/cropped-lucia-rapetti-logo-1.png","width":850,"height":142,"caption":"Lucia Rapetti Laboratoire Naturel"},"image":{"@id":"https:\/\/lucia-rapetti.com\/#\/schema\/logo\/image\/"},"sameAs":["https:\/\/www.facebook.com\/luciarapettiofficial","https:\/\/www.instagram.com\/luciarapettiofficial\/"]},{"@type":"Person","@id":"https:\/\/lucia-rapetti.com\/#\/schema\/person\/998552a7012c90388f667a7c785e867c","name":"comedesign","image":{"@type":"ImageObject","inLanguage":"it-IT","@id":"https:\/\/secure.gravatar.com\/avatar\/27c210af2472b79045a22c67a02dc2e84d697a703065450f2ac9a83e96d5036c?s=96&d=mm&r=g","url":"https:\/\/secure.gravatar.com\/avatar\/27c210af2472b79045a22c67a02dc2e84d697a703065450f2ac9a83e96d5036c?s=96&d=mm&r=g","contentUrl":"https:\/\/secure.gravatar.com\/avatar\/27c210af2472b79045a22c67a02dc2e84d697a703065450f2ac9a83e96d5036c?s=96&d=mm&r=g","caption":"comanddesign"},"sameAs":["https:\/\/client.comanddesign.com"],"url":"https:\/\/lucia-rapetti.com\/it\/author\/comanddesign\/"}]}},"_links":{"self":[{"href":"https:\/\/lucia-rapetti.com\/it\/wp-json\/wp\/v2\/posts\/16873","targetHints":{"allow":["GET"]}}],"collection":[{"href":"https:\/\/lucia-rapetti.com\/it\/wp-json\/wp\/v2\/posts"}],"about":[{"href":"https:\/\/lucia-rapetti.com\/it\/wp-json\/wp\/v2\/types\/post"}],"author":[{"embeddable":true,"href":"https:\/\/lucia-rapetti.com\/it\/wp-json\/wp\/v2\/users\/1"}],"replies":[{"embeddable":true,"href":"https:\/\/lucia-rapetti.com\/it\/wp-json\/wp\/v2\/comments?post=16873"}],"version-history":[{"count":0,"href":"https:\/\/lucia-rapetti.com\/it\/wp-json\/wp\/v2\/posts\/16873\/revisions"}],"wp:featuredmedia":[{"embeddable":true,"href":"https:\/\/lucia-rapetti.com\/it\/wp-json\/wp\/v2\/media\/4797"}],"wp:attachment":[{"href":"https:\/\/lucia-rapetti.com\/it\/wp-json\/wp\/v2\/media?parent=16873"}],"wp:term":[{"taxonomy":"category","embeddable":true,"href":"https:\/\/lucia-rapetti.com\/it\/wp-json\/wp\/v2\/categories?post=16873"},{"taxonomy":"post_tag","embeddable":true,"href":"https:\/\/lucia-rapetti.com\/it\/wp-json\/wp\/v2\/tags?post=16873"}],"curies":[{"name":"wp","href":"https:\/\/api.w.org\/{rel}","templated":true}]}}