{"id":16843,"date":"2025-09-08T12:03:16","date_gmt":"2025-09-08T10:03:16","guid":{"rendered":"https:\/\/lucia-rapetti.com\/?p=16843"},"modified":"2025-11-03T14:01:09","modified_gmt":"2025-11-03T13:01:09","slug":"como-elegir-tu-crema-facial-natural-segun-tu-tipo-de-piel","status":"publish","type":"post","link":"https:\/\/lucia-rapetti.com\/es\/2025\/09\/08\/como-elegir-tu-crema-facial-natural-segun-tu-tipo-de-piel\/","title":{"rendered":"\u00bfC\u00f3mo elegir una crema facial natural que se adapte a su tipo de piel?"},"content":{"rendered":"<div data-elementor-type=\"wp-post\" data-elementor-id=\"16843\" class=\"elementor elementor-16843\" data-elementor-post-type=\"post\">\n\t\t\t\t<div class=\"elementor-element elementor-element-f2826ad e-flex e-con-boxed e-con e-parent\" data-id=\"f2826ad\" data-element_type=\"container\" data-e-type=\"container\">\n\t\t\t\t\t<div class=\"e-con-inner\">\n\t\t\t\t<div class=\"elementor-element elementor-element-012b06c elementor-widget elementor-widget-text-editor\" data-id=\"012b06c\" data-element_type=\"widget\" data-e-type=\"widget\" data-widget_type=\"text-editor.default\">\n\t\t\t\t<div class=\"elementor-widget-container\">\n\t\t\t\t\t\t\t\t\t<p data-start=\"444\" data-end=\"921\">Elija una <strong data-start=\"456\" data-end=\"485\">crema facial natural<\/strong> adaptarse a su tipo de piel puede parecer complicado. Entre las promesas de productos hidratantes, antiedad y purificantes, no siempre es f\u00e1cil orientarse. Pero elegir el producto adecuado es esencial para mantener la piel sana y bonita. En este art\u00edculo, te guiamos paso a paso por el proceso de identificaci\u00f3n de la crema ideal, ya sea <strong data-start=\"835\" data-end=\"887\">hidratante, purificante, calmante o regeneradora<\/strong>, seg\u00fan sus necesidades espec\u00edficas.<\/p><p data-start=\"444\" data-end=\"921\"><a href=\"https:\/\/lucia-rapetti.com\/es\/categoria-de-productos\/cara\/cremas-faciales-naturales-2\/\">Descubra nuestras cremas faciales naturales Lucia Rapetti<\/a><\/p><hr data-start=\"923\" data-end=\"926\" \/><h3 data-start=\"928\" data-end=\"985\">\u00bfPor qu\u00e9 optar por una crema facial natural?<\/h3><p data-start=\"986\" data-end=\"1344\">A <strong data-start=\"990\" data-end=\"1031\">crema facial natural sin parabenos<\/strong> respeta la piel y su fr\u00e1gil equilibrio. A diferencia de los cosm\u00e9ticos convencionales, favorece los ingredientes derivados de la naturaleza: extractos de plantas, activos marinos, aceites vegetales y p\u00e9ptidos naturales. Estas f\u00f3rmulas suaves penetran profundamente en la piel y reducen el riesgo de irritaci\u00f3n.<\/p><p data-start=\"1346\" data-end=\"1539\">En <strong data-start=\"1351\" data-end=\"1368\">Luc\u00eda Rapetti<\/strong>, En nuestra nueva gama, combinamos el poder de los ingredientes naturales con la investigaci\u00f3n dermocosm\u00e9tica avanzada, para ofrecer cremas que a\u00fanan eficacia y respeto por la piel.<\/p><hr data-start=\"1541\" data-end=\"1544\" \/><h3 data-start=\"1546\" data-end=\"1605\">Identifique su tipo de piel antes de elegir su crema<\/h3><h4 data-start=\"1607\" data-end=\"1664\">1. Piel seca: necesidad de hidrataci\u00f3n y confort<\/h4><p data-start=\"1665\" data-end=\"1976\">La piel seca se siente tirante, carece de flexibilidad y a veces presenta zonas descamadas. La opci\u00f3n ideal para la piel seca es un <strong data-start=\"1790\" data-end=\"1831\">crema hidratante natural para pieles secas<\/strong>, rica en principios activos nutritivos y remineralizantes.<br data-start=\"1881\" data-end=\"1884\" \/>\ud83d\udc49 Ejemplo: <a href=\"https:\/\/lucia-rapetti.com\/es\/producto\/aquabsolue-50ml\/\">nuestra <strong data-start=\"1903\" data-end=\"1923\">Aquabsolue Radiance<\/strong><\/a> Hidrata en profundidad y proporciona un confort inmediato.<\/p><hr data-start=\"1978\" data-end=\"1981\" \/><h4 data-start=\"1983\" data-end=\"2028\">2. Piel sensible: necesidad de calmar<\/h4><p data-start=\"2029\" data-end=\"2393\">La piel sensible reacciona r\u00e1pidamente a las agresiones externas: contaminaci\u00f3n, fr\u00edo, roces, etc. Se enrojece con facilidad y se irrita. Por ello, es indispensable una crema calmante, rica en activos descongestionantes y protectores.<br data-start=\"2255\" data-end=\"2258\" \/>\ud83d\udc49 Ejemplo: el <a href=\"https:\/\/lucia-rapetti.com\/es\/producto\/sensitive-protect-noche-dia-50ml\/\"><strong data-start=\"2274\" data-end=\"2307\">Sensitive Protect Noche y D\u00eda<\/strong><\/a>, Una crema facial natural formulada para calmar y proteger la piel fr\u00e1gil.<\/p><hr data-start=\"2395\" data-end=\"2398\" \/><h4 data-start=\"2400\" data-end=\"2463\">3. Pieles mixtas a grasas: necesidad de pureza y equilibrio<\/h4><p data-start=\"2464\" data-end=\"2813\">Las pieles mixtas a grasas producen demasiado sebo, lo que favorece la aparici\u00f3n de brillos, imperfecciones y poros dilatados. A <strong data-start=\"2581\" data-end=\"2621\">crema facial purificante natural<\/strong> ayuda a equilibrar la piel, reducir el exceso de sebo y prevenir los granos.<br data-start=\"2698\" data-end=\"2701\" \/>\ud83d\udc49 Ejemplo: <a href=\"https:\/\/lucia-rapetti.com\/es\/producto\/purifying-clean-clear-400ml\/\">nuestra crema oxigenante purificante<\/a>, que desintoxica y matifica la piel a la vez que la hidrata.<\/p><hr data-start=\"2815\" data-end=\"2818\" \/><h4 data-start=\"2820\" data-end=\"2877\">4. Piel madura: necesita regeneraci\u00f3n y luminosidad<\/h4><p data-start=\"2878\" data-end=\"3268\">Con la edad, la piel pierde firmeza, elasticidad y luminosidad. Necesita una f\u00f3rmula regeneradora capaz de estimular la renovaci\u00f3n celular. A <strong data-start=\"3040\" data-end=\"3081\">crema facial de luminosidad natural<\/strong> ayuda a devolver la vitalidad y la uniformidad al rostro.<br data-start=\"3134\" data-end=\"3137\" \/>\ud83d\udc49 Ejemplo: el <a href=\"https:\/\/lucia-rapetti.com\/es\/producto\/crema-regeneradora-genialys-50ml\/\"><strong data-start=\"3153\" data-end=\"3165\">Genialys<\/strong><\/a>, nuestro producto regenerador para el cuidado de la piel que ayuda a restaurar el \u00f3valo facial y a corregir las manchas pigmentarias.<\/p><hr data-start=\"3270\" data-end=\"3273\" \/><h3 data-start=\"3275\" data-end=\"3327\">Crear una rutina de belleza facial natural<\/h3><p data-start=\"3328\" data-end=\"3439\">Para optimizar los efectos de su crema, a\u00f1\u00e1dala a un <strong data-start=\"3391\" data-end=\"3426\">rutina de belleza facial natural<\/strong> completa :<\/p><ol data-start=\"3440\" data-end=\"3721\"><li data-start=\"3440\" data-end=\"3490\"><p data-start=\"3443\" data-end=\"3490\">Limpie la piel con un producto adecuado para el cuidado suave de la piel.<\/p><\/li><li data-start=\"3491\" data-end=\"3535\"><p data-start=\"3494\" data-end=\"3535\">Aplicar un s\u00e9rum concentrado en principios activos.<\/p><\/li><li data-start=\"3536\" data-end=\"3623\"><p data-start=\"3539\" data-end=\"3623\">Utiliza tu crema natural (hidratante, purificante, calmante o regeneradora).<\/p><\/li><li data-start=\"3624\" data-end=\"3721\"><p data-start=\"3627\" data-end=\"3721\">Protege la piel de las agresiones externas durante el d\u00eda y favorece la regeneraci\u00f3n por la noche.<\/p><\/li><\/ol><p data-start=\"3723\" data-end=\"3840\">\ud83d\udc49 <a href=\"https:\/\/lucia-rapetti.com\/es\/categoria-de-productos\/cara\/cuidado-antiedad-natural\/\">Este ritual<\/a> Este sencillo enfoque maximiza la eficacia del tratamiento y ofrece resultados visibles m\u00e1s r\u00e1pidamente.<\/p><p data-start=\"3723\" data-end=\"3840\">Para comprender la importancia de la microbiota en la elecci\u00f3n de su crema, lea nuestro dossier : <a class=\"decorated-link cursor-pointer\" href=\"https:\/\/lucia-rapetti.com\/es\/microbiota-cutanea\/\" rel=\"noopener\" data-start=\"677\" data-end=\"716\">Microbiota cut\u00e1nea<\/a><\/p><hr data-start=\"3842\" data-end=\"3845\" \/><h3 data-start=\"3847\" data-end=\"3863\">Conclusi\u00f3n<\/h3><p data-start=\"3864\" data-end=\"4215\">Elige tu <strong data-start=\"3875\" data-end=\"3904\">crema facial natural<\/strong> depende sobre todo de su tipo de piel: hidratante para pieles secas, calmante para pieles sensibles, purificante para pieles grasas y regeneradora para pieles maduras. Gracias a las f\u00f3rmulas expertas de <strong data-start=\"4128\" data-end=\"4145\">Luc\u00eda Rapetti<\/strong>, Puede encontrar el tratamiento perfecto para sus necesidades.<\/p><p data-start=\"4217\" data-end=\"4439\">\ud83d\udca1 Descubre ahora <a class=\"decorated-link\" href=\"https:\/\/lucia-rapetti.com\/es\/categoria-de-productos\/cara\/cremas-faciales-naturales-2\/\" target=\"_new\" rel=\"noopener\" data-start=\"4245\" data-end=\"4377\">nuestra colecci\u00f3n completa de cremas faciales naturales<\/a> y adopta el ritual que sublimar\u00e1 tu piel cada d\u00eda.<\/p>\t\t\t\t\t\t\t\t<\/div>\n\t\t\t\t<\/div>\n\t\t\t\t\t<\/div>\n\t\t\t\t<\/div>\n\t\t\t\t<\/div>","protected":false},"excerpt":{"rendered":"<p>Choisir une cr\u00e8me de visage naturelle adapt\u00e9e \u00e0 son type de peau peut sembler compliqu\u00e9. Entre les promesses hydratantes, anti-\u00e2ge ou purifiantes, il n\u2019est pas toujours facile de s\u2019y retrouver. Pourtant, s\u00e9lectionner le soin adapt\u00e9 est essentiel pour pr\u00e9server la sant\u00e9 et la beaut\u00e9 de la peau. Dans cet article, nous vous guidons pas \u00e0 [&hellip;]<\/p>\n","protected":false},"author":1,"featured_media":5225,"comment_status":"closed","ping_status":"closed","sticky":false,"template":"","format":"standard","meta":{"_acf_changed":false,"site-sidebar-layout":"default","site-content-layout":"","ast-site-content-layout":"default","site-content-style":"default","site-sidebar-style":"default","ast-global-header-display":"","ast-banner-title-visibility":"","ast-main-header-display":"","ast-hfb-above-header-display":"","ast-hfb-below-header-display":"","ast-hfb-mobile-header-display":"","site-post-title":"","ast-breadcrumbs-content":"","ast-featured-img":"","footer-sml-layout":"","ast-disable-related-posts":"","theme-transparent-header-meta":"","adv-header-id-meta":"","stick-header-meta":"","header-above-stick-meta":"","header-main-stick-meta":"","header-below-stick-meta":"","astra-migrate-meta-layouts":"set","ast-page-background-enabled":"default","ast-page-background-meta":{"desktop":{"background-color":"var(--ast-global-color-4)","background-image":"","background-repeat":"repeat","background-position":"center center","background-size":"auto","background-attachment":"scroll","background-type":"","background-media":"","overlay-type":"","overlay-color":"","overlay-opacity":"","overlay-gradient":""},"tablet":{"background-color":"","background-image":"","background-repeat":"repeat","background-position":"center center","background-size":"auto","background-attachment":"scroll","background-type":"","background-media":"","overlay-type":"","overlay-color":"","overlay-opacity":"","overlay-gradient":""},"mobile":{"background-color":"","background-image":"","background-repeat":"repeat","background-position":"center center","background-size":"auto","background-attachment":"scroll","background-type":"","background-media":"","overlay-type":"","overlay-color":"","overlay-opacity":"","overlay-gradient":""}},"ast-content-background-meta":{"desktop":{"background-color":"var(--ast-global-color-5)","background-image":"","background-repeat":"repeat","background-position":"center center","background-size":"auto","background-attachment":"scroll","background-type":"","background-media":"","overlay-type":"","overlay-color":"","overlay-opacity":"","overlay-gradient":""},"tablet":{"background-color":"var(--ast-global-color-5)","background-image":"","background-repeat":"repeat","background-position":"center center","background-size":"auto","background-attachment":"scroll","background-type":"","background-media":"","overlay-type":"","overlay-color":"","overlay-opacity":"","overlay-gradient":""},"mobile":{"background-color":"var(--ast-global-color-5)","background-image":"","background-repeat":"repeat","background-position":"center center","background-size":"auto","background-attachment":"scroll","background-type":"","background-media":"","overlay-type":"","overlay-color":"","overlay-opacity":"","overlay-gradient":""}},"footnotes":""},"categories":[1],"tags":[],"class_list":["post-16843","post","type-post","status-publish","format-standard","has-post-thumbnail","hentry","category-non-classe"],"acf":[],"yoast_head":"<!-- This site is optimized with the Yoast SEO plugin v27.4 - https:\/\/yoast.com\/product\/yoast-seo-wordpress\/ -->\n<title>Comment choisir sa cr\u00e8me de visage naturelle selon son type de peau ? - Lucia Rapetti Laboratoire Naturel<\/title>\n<meta name=\"robots\" content=\"index, follow, max-snippet:-1, max-image-preview:large, max-video-preview:-1\" \/>\n<link rel=\"canonical\" href=\"https:\/\/lucia-rapetti.com\/es\/2025\/09\/08\/como-elegir-tu-crema-facial-natural-segun-tu-tipo-de-piel\/\" \/>\n<meta property=\"og:locale\" content=\"es_ES\" \/>\n<meta property=\"og:type\" content=\"article\" \/>\n<meta property=\"og:title\" content=\"Comment choisir sa cr\u00e8me de visage naturelle selon son type de peau ? - Lucia Rapetti Laboratoire Naturel\" \/>\n<meta property=\"og:description\" content=\"Choisir une cr\u00e8me de visage naturelle adapt\u00e9e \u00e0 son type de peau peut sembler compliqu\u00e9. Entre les promesses hydratantes, anti-\u00e2ge ou purifiantes, il n\u2019est pas toujours facile de s\u2019y retrouver. Pourtant, s\u00e9lectionner le soin adapt\u00e9 est essentiel pour pr\u00e9server la sant\u00e9 et la beaut\u00e9 de la peau. Dans cet article, nous vous guidons pas \u00e0 [&hellip;]\" \/>\n<meta property=\"og:url\" content=\"https:\/\/lucia-rapetti.com\/es\/2025\/09\/08\/como-elegir-tu-crema-facial-natural-segun-tu-tipo-de-piel\/\" \/>\n<meta property=\"og:site_name\" content=\"Lucia Rapetti Laboratoire Naturel\" \/>\n<meta property=\"article:publisher\" content=\"https:\/\/www.facebook.com\/luciarapettiofficial\" \/>\n<meta property=\"article:published_time\" content=\"2025-09-08T10:03:16+00:00\" \/>\n<meta property=\"article:modified_time\" content=\"2025-11-03T13:01:09+00:00\" \/>\n<meta property=\"og:image\" content=\"https:\/\/lucia-rapetti.com\/wp-content\/uploads\/2024\/03\/LR-slider-cb3.jpg\" \/>\n\t<meta property=\"og:image:width\" content=\"1080\" \/>\n\t<meta property=\"og:image:height\" content=\"400\" \/>\n\t<meta property=\"og:image:type\" content=\"image\/jpeg\" \/>\n<meta name=\"author\" content=\"comanddesign\" \/>\n<meta name=\"twitter:card\" content=\"summary_large_image\" \/>\n<meta name=\"twitter:label1\" content=\"Escrito por\" \/>\n\t<meta name=\"twitter:data1\" content=\"comanddesign\" \/>\n\t<meta name=\"twitter:label2\" content=\"Tiempo de lectura\" \/>\n\t<meta name=\"twitter:data2\" content=\"4 minutos\" \/>\n<script type=\"application\/ld+json\" class=\"yoast-schema-graph\">{\"@context\":\"https:\\\/\\\/schema.org\",\"@graph\":[{\"@type\":\"Article\",\"@id\":\"https:\\\/\\\/lucia-rapetti.com\\\/2025\\\/09\\\/08\\\/comment-choisir-sa-creme-de-visage-naturelle-selon-son-type-de-peau\\\/#article\",\"isPartOf\":{\"@id\":\"https:\\\/\\\/lucia-rapetti.com\\\/2025\\\/09\\\/08\\\/comment-choisir-sa-creme-de-visage-naturelle-selon-son-type-de-peau\\\/\"},\"author\":{\"name\":\"comanddesign\",\"@id\":\"https:\\\/\\\/lucia-rapetti.com\\\/#\\\/schema\\\/person\\\/998552a7012c90388f667a7c785e867c\"},\"headline\":\"Comment choisir sa cr\u00e8me de visage naturelle selon son type de peau ?\",\"datePublished\":\"2025-09-08T10:03:16+00:00\",\"dateModified\":\"2025-11-03T13:01:09+00:00\",\"mainEntityOfPage\":{\"@id\":\"https:\\\/\\\/lucia-rapetti.com\\\/2025\\\/09\\\/08\\\/comment-choisir-sa-creme-de-visage-naturelle-selon-son-type-de-peau\\\/\"},\"wordCount\":677,\"publisher\":{\"@id\":\"https:\\\/\\\/lucia-rapetti.com\\\/#organization\"},\"image\":{\"@id\":\"https:\\\/\\\/lucia-rapetti.com\\\/2025\\\/09\\\/08\\\/comment-choisir-sa-creme-de-visage-naturelle-selon-son-type-de-peau\\\/#primaryimage\"},\"thumbnailUrl\":\"https:\\\/\\\/lucia-rapetti.com\\\/wp-content\\\/uploads\\\/2024\\\/03\\\/LR-slider-cb3.jpg\",\"articleSection\":[\"Non class\u00e9\"],\"inLanguage\":\"es\"},{\"@type\":\"WebPage\",\"@id\":\"https:\\\/\\\/lucia-rapetti.com\\\/2025\\\/09\\\/08\\\/comment-choisir-sa-creme-de-visage-naturelle-selon-son-type-de-peau\\\/\",\"url\":\"https:\\\/\\\/lucia-rapetti.com\\\/2025\\\/09\\\/08\\\/comment-choisir-sa-creme-de-visage-naturelle-selon-son-type-de-peau\\\/\",\"name\":\"Comment choisir sa cr\u00e8me de visage naturelle selon son type de peau ? - Lucia Rapetti Laboratoire Naturel\",\"isPartOf\":{\"@id\":\"https:\\\/\\\/lucia-rapetti.com\\\/#website\"},\"primaryImageOfPage\":{\"@id\":\"https:\\\/\\\/lucia-rapetti.com\\\/2025\\\/09\\\/08\\\/comment-choisir-sa-creme-de-visage-naturelle-selon-son-type-de-peau\\\/#primaryimage\"},\"image\":{\"@id\":\"https:\\\/\\\/lucia-rapetti.com\\\/2025\\\/09\\\/08\\\/comment-choisir-sa-creme-de-visage-naturelle-selon-son-type-de-peau\\\/#primaryimage\"},\"thumbnailUrl\":\"https:\\\/\\\/lucia-rapetti.com\\\/wp-content\\\/uploads\\\/2024\\\/03\\\/LR-slider-cb3.jpg\",\"datePublished\":\"2025-09-08T10:03:16+00:00\",\"dateModified\":\"2025-11-03T13:01:09+00:00\",\"breadcrumb\":{\"@id\":\"https:\\\/\\\/lucia-rapetti.com\\\/2025\\\/09\\\/08\\\/comment-choisir-sa-creme-de-visage-naturelle-selon-son-type-de-peau\\\/#breadcrumb\"},\"inLanguage\":\"es\",\"potentialAction\":[{\"@type\":\"ReadAction\",\"target\":[\"https:\\\/\\\/lucia-rapetti.com\\\/2025\\\/09\\\/08\\\/comment-choisir-sa-creme-de-visage-naturelle-selon-son-type-de-peau\\\/\"]}]},{\"@type\":\"ImageObject\",\"inLanguage\":\"es\",\"@id\":\"https:\\\/\\\/lucia-rapetti.com\\\/2025\\\/09\\\/08\\\/comment-choisir-sa-creme-de-visage-naturelle-selon-son-type-de-peau\\\/#primaryimage\",\"url\":\"https:\\\/\\\/lucia-rapetti.com\\\/wp-content\\\/uploads\\\/2024\\\/03\\\/LR-slider-cb3.jpg\",\"contentUrl\":\"https:\\\/\\\/lucia-rapetti.com\\\/wp-content\\\/uploads\\\/2024\\\/03\\\/LR-slider-cb3.jpg\",\"width\":1080,\"height\":400,\"caption\":\"cr\u00e8me de visage naturelle\"},{\"@type\":\"BreadcrumbList\",\"@id\":\"https:\\\/\\\/lucia-rapetti.com\\\/2025\\\/09\\\/08\\\/comment-choisir-sa-creme-de-visage-naturelle-selon-son-type-de-peau\\\/#breadcrumb\",\"itemListElement\":[{\"@type\":\"ListItem\",\"position\":1,\"name\":\"Lucia Rapetti\",\"item\":\"https:\\\/\\\/lucia-rapetti.com\\\/\"},{\"@type\":\"ListItem\",\"position\":2,\"name\":\"Non class\u00e9\",\"item\":\"https:\\\/\\\/lucia-rapetti.com\\\/category\\\/non-classe\\\/\"},{\"@type\":\"ListItem\",\"position\":3,\"name\":\"Comment choisir sa cr\u00e8me de visage naturelle selon son type de peau ?\"}]},{\"@type\":\"WebSite\",\"@id\":\"https:\\\/\\\/lucia-rapetti.com\\\/#website\",\"url\":\"https:\\\/\\\/lucia-rapetti.com\\\/\",\"name\":\"Lucia Rapetti Laboratoire Naturel\",\"description\":\"Laboratoire de cosm\u00e9tique naturel et beaut\u00e9\",\"publisher\":{\"@id\":\"https:\\\/\\\/lucia-rapetti.com\\\/#organization\"},\"potentialAction\":[{\"@type\":\"SearchAction\",\"target\":{\"@type\":\"EntryPoint\",\"urlTemplate\":\"https:\\\/\\\/lucia-rapetti.com\\\/?s={search_term_string}\"},\"query-input\":{\"@type\":\"PropertyValueSpecification\",\"valueRequired\":true,\"valueName\":\"search_term_string\"}}],\"inLanguage\":\"es\"},{\"@type\":\"Organization\",\"@id\":\"https:\\\/\\\/lucia-rapetti.com\\\/#organization\",\"name\":\"Lucia Rapetti Laboratoire Naturel\",\"alternateName\":\"LR\",\"url\":\"https:\\\/\\\/lucia-rapetti.com\\\/\",\"logo\":{\"@type\":\"ImageObject\",\"inLanguage\":\"es\",\"@id\":\"https:\\\/\\\/lucia-rapetti.com\\\/#\\\/schema\\\/logo\\\/image\\\/\",\"url\":\"https:\\\/\\\/lucia-rapetti.com\\\/wp-content\\\/uploads\\\/2023\\\/04\\\/cropped-lucia-rapetti-logo-1.png\",\"contentUrl\":\"https:\\\/\\\/lucia-rapetti.com\\\/wp-content\\\/uploads\\\/2023\\\/04\\\/cropped-lucia-rapetti-logo-1.png\",\"width\":850,\"height\":142,\"caption\":\"Lucia Rapetti Laboratoire Naturel\"},\"image\":{\"@id\":\"https:\\\/\\\/lucia-rapetti.com\\\/#\\\/schema\\\/logo\\\/image\\\/\"},\"sameAs\":[\"https:\\\/\\\/www.facebook.com\\\/luciarapettiofficial\",\"https:\\\/\\\/www.instagram.com\\\/luciarapettiofficial\\\/\"]},{\"@type\":\"Person\",\"@id\":\"https:\\\/\\\/lucia-rapetti.com\\\/#\\\/schema\\\/person\\\/998552a7012c90388f667a7c785e867c\",\"name\":\"comanddesign\",\"image\":{\"@type\":\"ImageObject\",\"inLanguage\":\"es\",\"@id\":\"https:\\\/\\\/secure.gravatar.com\\\/avatar\\\/27c210af2472b79045a22c67a02dc2e84d697a703065450f2ac9a83e96d5036c?s=96&d=mm&r=g\",\"url\":\"https:\\\/\\\/secure.gravatar.com\\\/avatar\\\/27c210af2472b79045a22c67a02dc2e84d697a703065450f2ac9a83e96d5036c?s=96&d=mm&r=g\",\"contentUrl\":\"https:\\\/\\\/secure.gravatar.com\\\/avatar\\\/27c210af2472b79045a22c67a02dc2e84d697a703065450f2ac9a83e96d5036c?s=96&d=mm&r=g\",\"caption\":\"comanddesign\"},\"sameAs\":[\"https:\\\/\\\/client.comanddesign.com\"],\"url\":\"https:\\\/\\\/lucia-rapetti.com\\\/es\\\/author\\\/comanddesign\\\/\"}]}<\/script>\n<!-- \/ Yoast SEO plugin. -->","yoast_head_json":{"title":"\u00bfC\u00f3mo elegir su crema facial natural en funci\u00f3n de su tipo de piel? - Lucia Rapetti Laboratorio Natural","robots":{"index":"index","follow":"follow","max-snippet":"max-snippet:-1","max-image-preview":"max-image-preview:large","max-video-preview":"max-video-preview:-1"},"canonical":"https:\/\/lucia-rapetti.com\/es\/2025\/09\/08\/como-elegir-tu-crema-facial-natural-segun-tu-tipo-de-piel\/","og_locale":"es_ES","og_type":"article","og_title":"Comment choisir sa cr\u00e8me de visage naturelle selon son type de peau ? - Lucia Rapetti Laboratoire Naturel","og_description":"Choisir une cr\u00e8me de visage naturelle adapt\u00e9e \u00e0 son type de peau peut sembler compliqu\u00e9. Entre les promesses hydratantes, anti-\u00e2ge ou purifiantes, il n\u2019est pas toujours facile de s\u2019y retrouver. Pourtant, s\u00e9lectionner le soin adapt\u00e9 est essentiel pour pr\u00e9server la sant\u00e9 et la beaut\u00e9 de la peau. Dans cet article, nous vous guidons pas \u00e0 [&hellip;]","og_url":"https:\/\/lucia-rapetti.com\/es\/2025\/09\/08\/como-elegir-tu-crema-facial-natural-segun-tu-tipo-de-piel\/","og_site_name":"Lucia Rapetti Laboratoire Naturel","article_publisher":"https:\/\/www.facebook.com\/luciarapettiofficial","article_published_time":"2025-09-08T10:03:16+00:00","article_modified_time":"2025-11-03T13:01:09+00:00","og_image":[{"width":1080,"height":400,"url":"https:\/\/lucia-rapetti.com\/wp-content\/uploads\/2024\/03\/LR-slider-cb3.jpg","type":"image\/jpeg"}],"author":"comanddesign","twitter_card":"summary_large_image","twitter_misc":{"Escrito por":"comanddesign","Tiempo de lectura":"4 minutos"},"schema":{"@context":"https:\/\/schema.org","@graph":[{"@type":"Article","@id":"https:\/\/lucia-rapetti.com\/2025\/09\/08\/comment-choisir-sa-creme-de-visage-naturelle-selon-son-type-de-peau\/#article","isPartOf":{"@id":"https:\/\/lucia-rapetti.com\/2025\/09\/08\/comment-choisir-sa-creme-de-visage-naturelle-selon-son-type-de-peau\/"},"author":{"name":"comanddesign","@id":"https:\/\/lucia-rapetti.com\/#\/schema\/person\/998552a7012c90388f667a7c785e867c"},"headline":"Comment choisir sa cr\u00e8me de visage naturelle selon son type de peau ?","datePublished":"2025-09-08T10:03:16+00:00","dateModified":"2025-11-03T13:01:09+00:00","mainEntityOfPage":{"@id":"https:\/\/lucia-rapetti.com\/2025\/09\/08\/comment-choisir-sa-creme-de-visage-naturelle-selon-son-type-de-peau\/"},"wordCount":677,"publisher":{"@id":"https:\/\/lucia-rapetti.com\/#organization"},"image":{"@id":"https:\/\/lucia-rapetti.com\/2025\/09\/08\/comment-choisir-sa-creme-de-visage-naturelle-selon-son-type-de-peau\/#primaryimage"},"thumbnailUrl":"https:\/\/lucia-rapetti.com\/wp-content\/uploads\/2024\/03\/LR-slider-cb3.jpg","articleSection":["Non class\u00e9"],"inLanguage":"es"},{"@type":"WebPage","@id":"https:\/\/lucia-rapetti.com\/2025\/09\/08\/comment-choisir-sa-creme-de-visage-naturelle-selon-son-type-de-peau\/","url":"https:\/\/lucia-rapetti.com\/2025\/09\/08\/comment-choisir-sa-creme-de-visage-naturelle-selon-son-type-de-peau\/","name":"\u00bfC\u00f3mo elegir su crema facial natural en funci\u00f3n de su tipo de piel? - Lucia Rapetti Laboratorio Natural","isPartOf":{"@id":"https:\/\/lucia-rapetti.com\/#website"},"primaryImageOfPage":{"@id":"https:\/\/lucia-rapetti.com\/2025\/09\/08\/comment-choisir-sa-creme-de-visage-naturelle-selon-son-type-de-peau\/#primaryimage"},"image":{"@id":"https:\/\/lucia-rapetti.com\/2025\/09\/08\/comment-choisir-sa-creme-de-visage-naturelle-selon-son-type-de-peau\/#primaryimage"},"thumbnailUrl":"https:\/\/lucia-rapetti.com\/wp-content\/uploads\/2024\/03\/LR-slider-cb3.jpg","datePublished":"2025-09-08T10:03:16+00:00","dateModified":"2025-11-03T13:01:09+00:00","breadcrumb":{"@id":"https:\/\/lucia-rapetti.com\/2025\/09\/08\/comment-choisir-sa-creme-de-visage-naturelle-selon-son-type-de-peau\/#breadcrumb"},"inLanguage":"es","potentialAction":[{"@type":"ReadAction","target":["https:\/\/lucia-rapetti.com\/2025\/09\/08\/comment-choisir-sa-creme-de-visage-naturelle-selon-son-type-de-peau\/"]}]},{"@type":"ImageObject","inLanguage":"es","@id":"https:\/\/lucia-rapetti.com\/2025\/09\/08\/comment-choisir-sa-creme-de-visage-naturelle-selon-son-type-de-peau\/#primaryimage","url":"https:\/\/lucia-rapetti.com\/wp-content\/uploads\/2024\/03\/LR-slider-cb3.jpg","contentUrl":"https:\/\/lucia-rapetti.com\/wp-content\/uploads\/2024\/03\/LR-slider-cb3.jpg","width":1080,"height":400,"caption":"cr\u00e8me de visage naturelle"},{"@type":"BreadcrumbList","@id":"https:\/\/lucia-rapetti.com\/2025\/09\/08\/comment-choisir-sa-creme-de-visage-naturelle-selon-son-type-de-peau\/#breadcrumb","itemListElement":[{"@type":"ListItem","position":1,"name":"Lucia Rapetti","item":"https:\/\/lucia-rapetti.com\/"},{"@type":"ListItem","position":2,"name":"Non class\u00e9","item":"https:\/\/lucia-rapetti.com\/category\/non-classe\/"},{"@type":"ListItem","position":3,"name":"Comment choisir sa cr\u00e8me de visage naturelle selon son type de peau ?"}]},{"@type":"WebSite","@id":"https:\/\/lucia-rapetti.com\/#website","url":"https:\/\/lucia-rapetti.com\/","name":"Lucia Rapetti Laboratorio Natural","description":"Laboratorio de cosm\u00e9tica natural y belleza","publisher":{"@id":"https:\/\/lucia-rapetti.com\/#organization"},"potentialAction":[{"@type":"SearchAction","target":{"@type":"EntryPoint","urlTemplate":"https:\/\/lucia-rapetti.com\/?s={search_term_string}"},"query-input":{"@type":"PropertyValueSpecification","valueRequired":true,"valueName":"search_term_string"}}],"inLanguage":"es"},{"@type":"Organization","@id":"https:\/\/lucia-rapetti.com\/#organization","name":"Lucia Rapetti Laboratorio Natural","alternateName":"LR","url":"https:\/\/lucia-rapetti.com\/","logo":{"@type":"ImageObject","inLanguage":"es","@id":"https:\/\/lucia-rapetti.com\/#\/schema\/logo\/image\/","url":"https:\/\/lucia-rapetti.com\/wp-content\/uploads\/2023\/04\/cropped-lucia-rapetti-logo-1.png","contentUrl":"https:\/\/lucia-rapetti.com\/wp-content\/uploads\/2023\/04\/cropped-lucia-rapetti-logo-1.png","width":850,"height":142,"caption":"Lucia Rapetti Laboratoire Naturel"},"image":{"@id":"https:\/\/lucia-rapetti.com\/#\/schema\/logo\/image\/"},"sameAs":["https:\/\/www.facebook.com\/luciarapettiofficial","https:\/\/www.instagram.com\/luciarapettiofficial\/"]},{"@type":"Person","@id":"https:\/\/lucia-rapetti.com\/#\/schema\/person\/998552a7012c90388f667a7c785e867c","name":"comanddesign","image":{"@type":"ImageObject","inLanguage":"es","@id":"https:\/\/secure.gravatar.com\/avatar\/27c210af2472b79045a22c67a02dc2e84d697a703065450f2ac9a83e96d5036c?s=96&d=mm&r=g","url":"https:\/\/secure.gravatar.com\/avatar\/27c210af2472b79045a22c67a02dc2e84d697a703065450f2ac9a83e96d5036c?s=96&d=mm&r=g","contentUrl":"https:\/\/secure.gravatar.com\/avatar\/27c210af2472b79045a22c67a02dc2e84d697a703065450f2ac9a83e96d5036c?s=96&d=mm&r=g","caption":"comanddesign"},"sameAs":["https:\/\/client.comanddesign.com"],"url":"https:\/\/lucia-rapetti.com\/es\/author\/comanddesign\/"}]}},"_links":{"self":[{"href":"https:\/\/lucia-rapetti.com\/es\/wp-json\/wp\/v2\/posts\/16843","targetHints":{"allow":["GET"]}}],"collection":[{"href":"https:\/\/lucia-rapetti.com\/es\/wp-json\/wp\/v2\/posts"}],"about":[{"href":"https:\/\/lucia-rapetti.com\/es\/wp-json\/wp\/v2\/types\/post"}],"author":[{"embeddable":true,"href":"https:\/\/lucia-rapetti.com\/es\/wp-json\/wp\/v2\/users\/1"}],"replies":[{"embeddable":true,"href":"https:\/\/lucia-rapetti.com\/es\/wp-json\/wp\/v2\/comments?post=16843"}],"version-history":[{"count":0,"href":"https:\/\/lucia-rapetti.com\/es\/wp-json\/wp\/v2\/posts\/16843\/revisions"}],"wp:featuredmedia":[{"embeddable":true,"href":"https:\/\/lucia-rapetti.com\/es\/wp-json\/wp\/v2\/media\/5225"}],"wp:attachment":[{"href":"https:\/\/lucia-rapetti.com\/es\/wp-json\/wp\/v2\/media?parent=16843"}],"wp:term":[{"taxonomy":"category","embeddable":true,"href":"https:\/\/lucia-rapetti.com\/es\/wp-json\/wp\/v2\/categories?post=16843"},{"taxonomy":"post_tag","embeddable":true,"href":"https:\/\/lucia-rapetti.com\/es\/wp-json\/wp\/v2\/tags?post=16843"}],"curies":[{"name":"wp","href":"https:\/\/api.w.org\/{rel}","templated":true}]}}