{"id":16311,"date":"2025-04-14T12:34:01","date_gmt":"2025-04-14T10:34:01","guid":{"rendered":"https:\/\/lucia-rapetti.com\/?p=16311"},"modified":"2025-11-03T14:45:55","modified_gmt":"2025-11-03T13:45:55","slug":"como-fortalecer-la-microbiota-de-la-piel-a-diario","status":"publish","type":"post","link":"https:\/\/lucia-rapetti.com\/es\/2025\/04\/14\/como-fortalecer-la-microbiota-de-la-piel-a-diario\/","title":{"rendered":"\u00bfC\u00f3mo puede reforzar a diario la microbiota de su piel?"},"content":{"rendered":"<div data-elementor-type=\"wp-post\" data-elementor-id=\"16311\" class=\"elementor elementor-16311\" data-elementor-post-type=\"post\">\n\t\t\t\t<div class=\"elementor-element elementor-element-3581eaa2 e-flex e-con-boxed e-con e-parent\" data-id=\"3581eaa2\" data-element_type=\"container\" data-e-type=\"container\">\n\t\t\t\t\t<div class=\"e-con-inner\">\n\t\t\t\t<div class=\"elementor-element elementor-element-371bdf80 elementor-widget elementor-widget-text-editor\" data-id=\"371bdf80\" data-element_type=\"widget\" data-e-type=\"widget\" data-widget_type=\"text-editor.default\">\n\t\t\t\t<div class=\"elementor-widget-container\">\n\t\t\t\t\t\t\t\t\t\n<p class=\"translation-block\" data-start=\"271\" data-end=\"546\"><strong data-start=\"271\" data-end=\"295\">La microbiota de la piel<\/strong> es un aliado invisible pero esencial para preservar una piel sana y radiante. Este precioso ecosistema formado por miles de millones de microorganismos vive en la superficie de tu piel y desempe\u00f1a un papel clave en su protecci\u00f3n frente a los agresores externos.<\/p>\n<p class=\"\" data-start=\"548\" data-end=\"628\">Pero, \u00bfc\u00f3mo cuidar este delicado equilibrio? Aqu\u00ed tienes los consejos de nuestros expertos.<\/p>\n<hr class=\"\" data-start=\"630\" data-end=\"633\" \/>\n<h2 class=\"\" data-start=\"635\" data-end=\"677\">\ud83c\udf31 \u00bfQu\u00e9 es la microbiota de la piel?<\/h2>\n<p class=\"\" data-start=\"679\" data-end=\"907\">Le<a href=\"https:\/\/lucia-rapetti.com\/es\/microbiota-cutanea\/\"> microbiota cut\u00e1nea<\/a> es una comunidad natural de bacterias, levaduras y virus que colonizan la superficie de la piel. Su diversidad y equilibrio garantizan una piel resistente, bien hidratada y protegida frente a las irritaciones.<\/p>\n<p class=\"\" data-start=\"909\" data-end=\"1012\">Un desequilibrio en la microbiota puede provocar enrojecimiento, sequedad, inflamaci\u00f3n o imperfecciones.<\/p>\n<hr class=\"\" data-start=\"1014\" data-end=\"1017\" \/>\n<h2 class=\"\" data-start=\"1019\" data-end=\"1057\">\ud83d\udca7 1. Limpia suavemente tu piel<\/h2>\n<p class=\"translation-block\" data-start=\"1059\" data-end=\"1314\">El uso de limpiadores agresivos destruye no s\u00f3lo las impurezas, sino tambi\u00e9n los microorganismos protectores.<br data-start=\"1177\" data-end=\"1180\">Prefiera productos limpiadores sin sulfatos, sin alcohol y enriquecidos con prebi\u00f3ticos para respetar la pel\u00edcula hidrolip\u00eddica natural.<\/p>\n<hr class=\"\" data-start=\"1316\" data-end=\"1319\" \/>\n<h2 class=\"\" data-start=\"1321\" data-end=\"1373\">\ud83c\udf43 2. Hidrata y nutre con productos espec\u00edficos para el cuidado de la piel.<\/h2>\n<p class=\"\" data-start=\"1375\" data-end=\"1601\">Las cremas ricas en prebi\u00f3ticos y probi\u00f3ticos son una soluci\u00f3n excelente para reforzar y nutrir la microbiota de la piel. Estos principios activos ayudan a restablecer el equilibrio natural y refuerzan la barrera protectora de la piel.<\/p>\n<hr class=\"\" data-start=\"1603\" data-end=\"1606\" \/>\n<h2 class=\"\" data-start=\"1608\" data-end=\"1657\">\u2600\ufe0f 3. Protegerse de las agresiones externas<\/h2>\n<p class=\"translation-block\" data-start=\"1659\" data-end=\"1886\">El sol, la contaminaci\u00f3n, el viento y las temperaturas extremas son factores de estr\u00e9s para la microbiota.<br data-start=\"1768\" data-end=\"1771\">Utilizar una protecci\u00f3n solar adecuada y productos antipoluci\u00f3n para el cuidado de la piel puede limitar los desequilibrios microbianos.<\/p>\n<hr class=\"\" data-start=\"1888\" data-end=\"1891\" \/>\n<h2 class=\"\" data-start=\"1893\" data-end=\"1943\">\ud83e\udd57 4. Una dieta buena para la piel<\/h2>\n<p class=\"translation-block\" data-start=\"1945\" data-end=\"2159\">Una piel equilibrada tambi\u00e9n implica una dieta equilibrada<br data-start=\"1993\" data-end=\"1996\">Prefiera una dieta rica en fibra, frutas, verduras, omega-3 y alimentos fermentados (k\u00e9fir, yogur, kombucha), que nutren la microbiota desde el interior.<\/p>\n<hr class=\"\" data-start=\"2161\" data-end=\"2164\" \/>\n<h2 class=\"\" data-start=\"2166\" data-end=\"2215\">\ud83d\udca1 5. Adopta una rutina de belleza minimalista<\/h2>\n<p class=\"translation-block\" data-start=\"2217\" data-end=\"2291\">Demasiados productos = demasiadas agresiones.<br data-start=\"2254\" data-end=\"2257\">Prefiera una rutina sencilla:<\/p>\n<ul data-start=\"2292\" data-end=\"2387\">\n<li class=\"\" data-start=\"2292\" data-end=\"2310\">\n<p class=\"\" data-start=\"2294\" data-end=\"2310\">Limpiador suave<\/p>\n<\/li>\n<li class=\"\" data-start=\"2311\" data-end=\"2356\">\n<p class=\"\" data-start=\"2313\" data-end=\"2356\">Suero o tratamiento enriquecido con pre\/probi\u00f3ticos<\/p>\n<\/li>\n<li class=\"\" data-start=\"2357\" data-end=\"2387\">\n<p class=\"\" data-start=\"2359\" data-end=\"2387\">Crema hidratante protectora<\/p>\n<\/li>\n<\/ul>\n<hr class=\"\" data-start=\"2389\" data-end=\"2392\" \/>\n<h2 class=\"\" data-start=\"2394\" data-end=\"2475\">\ud83d\udc69\u200d\ud83d\udd2c Productos Lucia Rapetti para el cuidado de la piel: la experiencia al servicio de su microbiota<\/h2>\n<p class=\"\" data-start=\"2477\" data-end=\"2718\">En Lucia Rapetti, la investigaci\u00f3n cosm\u00e9tica se basa en el respeto de la microbiota de la piel. Nuestras f\u00f3rmulas est\u00e1n dise\u00f1adas para fortalecer la piel, protegerla y mantener su equilibrio natural, preservando al mismo tiempo la belleza y la juventud del cutis.<\/p>\n<hr class=\"\" data-start=\"2720\" data-end=\"2723\" \/>\n<p class=\"translation-block\" data-start=\"2725\" data-end=\"2973\">\u2705 <strong data-start=\"2727\" data-end=\"2743\">Conclusi\u00f3n:<\/strong><br data-start=\"2743\" data-end=\"2746\">Cuidar de la microbiota cut\u00e1nea significa invertir en la salud y la belleza de tu piel a largo plazo. Con unos sencillos pasos y los productos adecuados, puede proporcionar a su piel el entorno \u00f3ptimo para brillar de forma natural.<\/p>\n<p data-start=\"2725\" data-end=\"2973\" class=\"translation-block\">\ud83d\udc49 <strong data-start=\"2983\" data-end=\"3011\">\u00bfQuieres saber m\u00e1s?<\/strong><br data-start=\"3011\" data-end=\"3014\">Descubre nuestros productos para el cuidado de la piel respetuosos con la microbiota en la p\u00e1gina:<br data-start=\"3073\" data-end=\"3076\"><a class=\"\" href=\"https:\/\/lucia-rapetti.com\/es\/microbiota-skin-care-balance\/\" target=\"_new\" rel=\"noopener\" data-start=\"3076\" data-end=\"3165\">La microbiota de la piel - Lucia Rapetti<\/a><\/p>\n\t\t\t\t\t\t\t\t<\/div>\n\t\t\t\t<\/div>\n\t\t\t\t\t<\/div>\n\t\t\t\t<\/div>\n\t\t\t\t<\/div>","protected":false},"excerpt":{"rendered":"<p>Le microbiote cutan\u00e9 est un alli\u00e9 invisible mais essentiel pour pr\u00e9server une peau saine et \u00e9clatante. Ce pr\u00e9cieux \u00e9cosyst\u00e8me compos\u00e9 de milliards de micro-organismes vit \u00e0 la surface de votre peau et joue un r\u00f4le cl\u00e9 dans la protection contre les agressions ext\u00e9rieures. Mais comment prendre soin de cet \u00e9quilibre fragile\u202f? Voici nos conseils experts. [&hellip;]<\/p>\n","protected":false},"author":1,"featured_media":15950,"comment_status":"closed","ping_status":"closed","sticky":false,"template":"","format":"standard","meta":{"_acf_changed":false,"site-sidebar-layout":"default","site-content-layout":"","ast-site-content-layout":"default","site-content-style":"default","site-sidebar-style":"default","ast-global-header-display":"","ast-banner-title-visibility":"","ast-main-header-display":"","ast-hfb-above-header-display":"","ast-hfb-below-header-display":"","ast-hfb-mobile-header-display":"","site-post-title":"","ast-breadcrumbs-content":"","ast-featured-img":"","footer-sml-layout":"","ast-disable-related-posts":"","theme-transparent-header-meta":"","adv-header-id-meta":"","stick-header-meta":"","header-above-stick-meta":"","header-main-stick-meta":"","header-below-stick-meta":"","astra-migrate-meta-layouts":"set","ast-page-background-enabled":"default","ast-page-background-meta":{"desktop":{"background-color":"var(--ast-global-color-4)","background-image":"","background-repeat":"repeat","background-position":"center center","background-size":"auto","background-attachment":"scroll","background-type":"","background-media":"","overlay-type":"","overlay-color":"","overlay-opacity":"","overlay-gradient":""},"tablet":{"background-color":"","background-image":"","background-repeat":"repeat","background-position":"center center","background-size":"auto","background-attachment":"scroll","background-type":"","background-media":"","overlay-type":"","overlay-color":"","overlay-opacity":"","overlay-gradient":""},"mobile":{"background-color":"","background-image":"","background-repeat":"repeat","background-position":"center center","background-size":"auto","background-attachment":"scroll","background-type":"","background-media":"","overlay-type":"","overlay-color":"","overlay-opacity":"","overlay-gradient":""}},"ast-content-background-meta":{"desktop":{"background-color":"var(--ast-global-color-5)","background-image":"","background-repeat":"repeat","background-position":"center center","background-size":"auto","background-attachment":"scroll","background-type":"","background-media":"","overlay-type":"","overlay-color":"","overlay-opacity":"","overlay-gradient":""},"tablet":{"background-color":"var(--ast-global-color-5)","background-image":"","background-repeat":"repeat","background-position":"center center","background-size":"auto","background-attachment":"scroll","background-type":"","background-media":"","overlay-type":"","overlay-color":"","overlay-opacity":"","overlay-gradient":""},"mobile":{"background-color":"var(--ast-global-color-5)","background-image":"","background-repeat":"repeat","background-position":"center center","background-size":"auto","background-attachment":"scroll","background-type":"","background-media":"","overlay-type":"","overlay-color":"","overlay-opacity":"","overlay-gradient":""}},"footnotes":""},"categories":[1,100],"tags":[101,103,102],"class_list":["post-16311","post","type-post","status-publish","format-standard","has-post-thumbnail","hentry","category-non-classe","category-produits","tag-clean-beauty","tag-gammes","tag-produits"],"acf":[],"yoast_head":"<!-- This site is optimized with the Yoast SEO plugin v27.5 - https:\/\/yoast.com\/product\/yoast-seo-wordpress\/ -->\n<title>Comment renforcer son microbiote cutan\u00e9 au quotidien ?<\/title>\n<meta name=\"description\" content=\"Le microbiote cutan\u00e9 est un alli\u00e9 invisible mais essentiel pour pr\u00e9server une peau saine et \u00e9clatante. Mais comment prendre soin de cet \u00e9quilibre fragile\u202f?\" \/>\n<meta name=\"robots\" content=\"index, follow, max-snippet:-1, max-image-preview:large, max-video-preview:-1\" \/>\n<link rel=\"canonical\" href=\"https:\/\/lucia-rapetti.com\/es\/2025\/04\/14\/como-fortalecer-la-microbiota-de-la-piel-a-diario\/\" \/>\n<meta property=\"og:locale\" content=\"es_ES\" \/>\n<meta property=\"og:type\" content=\"article\" \/>\n<meta property=\"og:title\" content=\"Comment renforcer son microbiote cutan\u00e9 au quotidien ?\" \/>\n<meta property=\"og:description\" content=\"Le microbiote cutan\u00e9 est un alli\u00e9 invisible mais essentiel pour pr\u00e9server une peau saine et \u00e9clatante. Mais comment prendre soin de cet \u00e9quilibre fragile\u202f?\" \/>\n<meta property=\"og:url\" content=\"https:\/\/lucia-rapetti.com\/es\/2025\/04\/14\/como-fortalecer-la-microbiota-de-la-piel-a-diario\/\" \/>\n<meta property=\"og:site_name\" content=\"Lucia Rapetti Laboratoire Naturel\" \/>\n<meta property=\"article:publisher\" content=\"https:\/\/www.facebook.com\/luciarapettiofficial\" \/>\n<meta property=\"article:published_time\" content=\"2025-04-14T10:34:01+00:00\" \/>\n<meta property=\"article:modified_time\" content=\"2025-11-03T13:45:55+00:00\" \/>\n<meta property=\"og:image\" content=\"https:\/\/lucia-rapetti.com\/wp-content\/uploads\/2024\/11\/microbiote-peau-la-de.jpg\" \/>\n\t<meta property=\"og:image:width\" content=\"2121\" \/>\n\t<meta property=\"og:image:height\" content=\"1414\" \/>\n\t<meta property=\"og:image:type\" content=\"image\/jpeg\" \/>\n<meta name=\"author\" content=\"comanddesign\" \/>\n<meta name=\"twitter:card\" content=\"summary_large_image\" \/>\n<meta name=\"twitter:label1\" content=\"Escrito por\" \/>\n\t<meta name=\"twitter:data1\" content=\"comanddesign\" \/>\n\t<meta name=\"twitter:label2\" content=\"Tiempo de lectura\" \/>\n\t<meta name=\"twitter:data2\" content=\"3 minutos\" \/>\n<script type=\"application\/ld+json\" class=\"yoast-schema-graph\">{\"@context\":\"https:\\\/\\\/schema.org\",\"@graph\":[{\"@type\":\"Article\",\"@id\":\"https:\\\/\\\/lucia-rapetti.com\\\/2025\\\/04\\\/14\\\/comment-renforcer-son-microbiote-cutane-au-quotidien\\\/#article\",\"isPartOf\":{\"@id\":\"https:\\\/\\\/lucia-rapetti.com\\\/2025\\\/04\\\/14\\\/comment-renforcer-son-microbiote-cutane-au-quotidien\\\/\"},\"author\":{\"name\":\"comanddesign\",\"@id\":\"https:\\\/\\\/lucia-rapetti.com\\\/#\\\/schema\\\/person\\\/998552a7012c90388f667a7c785e867c\"},\"headline\":\"Comment renforcer son microbiote cutan\u00e9 au quotidien ?\",\"datePublished\":\"2025-04-14T10:34:01+00:00\",\"dateModified\":\"2025-11-03T13:45:55+00:00\",\"mainEntityOfPage\":{\"@id\":\"https:\\\/\\\/lucia-rapetti.com\\\/2025\\\/04\\\/14\\\/comment-renforcer-son-microbiote-cutane-au-quotidien\\\/\"},\"wordCount\":448,\"publisher\":{\"@id\":\"https:\\\/\\\/lucia-rapetti.com\\\/#organization\"},\"image\":{\"@id\":\"https:\\\/\\\/lucia-rapetti.com\\\/2025\\\/04\\\/14\\\/comment-renforcer-son-microbiote-cutane-au-quotidien\\\/#primaryimage\"},\"thumbnailUrl\":\"https:\\\/\\\/lucia-rapetti.com\\\/wp-content\\\/uploads\\\/2024\\\/11\\\/microbiote-peau-la-de.jpg\",\"keywords\":[\"Clean Beauty\",\"Gammes\",\"Produits\"],\"articleSection\":[\"Non class\u00e9\",\"Produits\"],\"inLanguage\":\"es\"},{\"@type\":\"WebPage\",\"@id\":\"https:\\\/\\\/lucia-rapetti.com\\\/2025\\\/04\\\/14\\\/comment-renforcer-son-microbiote-cutane-au-quotidien\\\/\",\"url\":\"https:\\\/\\\/lucia-rapetti.com\\\/2025\\\/04\\\/14\\\/comment-renforcer-son-microbiote-cutane-au-quotidien\\\/\",\"name\":\"Comment renforcer son microbiote cutan\u00e9 au quotidien ?\",\"isPartOf\":{\"@id\":\"https:\\\/\\\/lucia-rapetti.com\\\/#website\"},\"primaryImageOfPage\":{\"@id\":\"https:\\\/\\\/lucia-rapetti.com\\\/2025\\\/04\\\/14\\\/comment-renforcer-son-microbiote-cutane-au-quotidien\\\/#primaryimage\"},\"image\":{\"@id\":\"https:\\\/\\\/lucia-rapetti.com\\\/2025\\\/04\\\/14\\\/comment-renforcer-son-microbiote-cutane-au-quotidien\\\/#primaryimage\"},\"thumbnailUrl\":\"https:\\\/\\\/lucia-rapetti.com\\\/wp-content\\\/uploads\\\/2024\\\/11\\\/microbiote-peau-la-de.jpg\",\"datePublished\":\"2025-04-14T10:34:01+00:00\",\"dateModified\":\"2025-11-03T13:45:55+00:00\",\"description\":\"Le microbiote cutan\u00e9 est un alli\u00e9 invisible mais essentiel pour pr\u00e9server une peau saine et \u00e9clatante. Mais comment prendre soin de cet \u00e9quilibre fragile\u202f?\",\"breadcrumb\":{\"@id\":\"https:\\\/\\\/lucia-rapetti.com\\\/2025\\\/04\\\/14\\\/comment-renforcer-son-microbiote-cutane-au-quotidien\\\/#breadcrumb\"},\"inLanguage\":\"es\",\"potentialAction\":[{\"@type\":\"ReadAction\",\"target\":[\"https:\\\/\\\/lucia-rapetti.com\\\/2025\\\/04\\\/14\\\/comment-renforcer-son-microbiote-cutane-au-quotidien\\\/\"]}]},{\"@type\":\"ImageObject\",\"inLanguage\":\"es\",\"@id\":\"https:\\\/\\\/lucia-rapetti.com\\\/2025\\\/04\\\/14\\\/comment-renforcer-son-microbiote-cutane-au-quotidien\\\/#primaryimage\",\"url\":\"https:\\\/\\\/lucia-rapetti.com\\\/wp-content\\\/uploads\\\/2024\\\/11\\\/microbiote-peau-la-de.jpg\",\"contentUrl\":\"https:\\\/\\\/lucia-rapetti.com\\\/wp-content\\\/uploads\\\/2024\\\/11\\\/microbiote-peau-la-de.jpg\",\"width\":2121,\"height\":1414,\"caption\":\"microbiote peau sensible\"},{\"@type\":\"BreadcrumbList\",\"@id\":\"https:\\\/\\\/lucia-rapetti.com\\\/2025\\\/04\\\/14\\\/comment-renforcer-son-microbiote-cutane-au-quotidien\\\/#breadcrumb\",\"itemListElement\":[{\"@type\":\"ListItem\",\"position\":1,\"name\":\"Lucia Rapetti\",\"item\":\"https:\\\/\\\/lucia-rapetti.com\\\/\"},{\"@type\":\"ListItem\",\"position\":2,\"name\":\"Non class\u00e9\",\"item\":\"https:\\\/\\\/lucia-rapetti.com\\\/category\\\/non-classe\\\/\"},{\"@type\":\"ListItem\",\"position\":3,\"name\":\"Comment renforcer son microbiote cutan\u00e9 au quotidien ?\"}]},{\"@type\":\"WebSite\",\"@id\":\"https:\\\/\\\/lucia-rapetti.com\\\/#website\",\"url\":\"https:\\\/\\\/lucia-rapetti.com\\\/\",\"name\":\"Lucia Rapetti Laboratoire Naturel\",\"description\":\"Laboratoire de cosm\u00e9tique naturel et beaut\u00e9\",\"publisher\":{\"@id\":\"https:\\\/\\\/lucia-rapetti.com\\\/#organization\"},\"potentialAction\":[{\"@type\":\"SearchAction\",\"target\":{\"@type\":\"EntryPoint\",\"urlTemplate\":\"https:\\\/\\\/lucia-rapetti.com\\\/?s={search_term_string}\"},\"query-input\":{\"@type\":\"PropertyValueSpecification\",\"valueRequired\":true,\"valueName\":\"search_term_string\"}}],\"inLanguage\":\"es\"},{\"@type\":\"Organization\",\"@id\":\"https:\\\/\\\/lucia-rapetti.com\\\/#organization\",\"name\":\"Lucia Rapetti Laboratoire Naturel\",\"alternateName\":\"LR\",\"url\":\"https:\\\/\\\/lucia-rapetti.com\\\/\",\"logo\":{\"@type\":\"ImageObject\",\"inLanguage\":\"es\",\"@id\":\"https:\\\/\\\/lucia-rapetti.com\\\/#\\\/schema\\\/logo\\\/image\\\/\",\"url\":\"https:\\\/\\\/lucia-rapetti.com\\\/wp-content\\\/uploads\\\/2023\\\/04\\\/cropped-lucia-rapetti-logo-1.png\",\"contentUrl\":\"https:\\\/\\\/lucia-rapetti.com\\\/wp-content\\\/uploads\\\/2023\\\/04\\\/cropped-lucia-rapetti-logo-1.png\",\"width\":850,\"height\":142,\"caption\":\"Lucia Rapetti Laboratoire Naturel\"},\"image\":{\"@id\":\"https:\\\/\\\/lucia-rapetti.com\\\/#\\\/schema\\\/logo\\\/image\\\/\"},\"sameAs\":[\"https:\\\/\\\/www.facebook.com\\\/luciarapettiofficial\",\"https:\\\/\\\/www.instagram.com\\\/luciarapettiofficial\\\/\"]},{\"@type\":\"Person\",\"@id\":\"https:\\\/\\\/lucia-rapetti.com\\\/#\\\/schema\\\/person\\\/998552a7012c90388f667a7c785e867c\",\"name\":\"comanddesign\",\"image\":{\"@type\":\"ImageObject\",\"inLanguage\":\"es\",\"@id\":\"https:\\\/\\\/secure.gravatar.com\\\/avatar\\\/27c210af2472b79045a22c67a02dc2e84d697a703065450f2ac9a83e96d5036c?s=96&d=mm&r=g\",\"url\":\"https:\\\/\\\/secure.gravatar.com\\\/avatar\\\/27c210af2472b79045a22c67a02dc2e84d697a703065450f2ac9a83e96d5036c?s=96&d=mm&r=g\",\"contentUrl\":\"https:\\\/\\\/secure.gravatar.com\\\/avatar\\\/27c210af2472b79045a22c67a02dc2e84d697a703065450f2ac9a83e96d5036c?s=96&d=mm&r=g\",\"caption\":\"comanddesign\"},\"sameAs\":[\"https:\\\/\\\/client.comanddesign.com\"],\"url\":\"https:\\\/\\\/lucia-rapetti.com\\\/es\\\/author\\\/comanddesign\\\/\"}]}<\/script>\n<!-- \/ Yoast SEO plugin. -->","yoast_head_json":{"title":"\u00bfC\u00f3mo puede reforzar a diario la microbiota de su piel?","description":"La microbiota cut\u00e1nea es un aliado invisible pero esencial para mantener una piel sana y radiante. Pero, \u00bfc\u00f3mo podemos cuidar este fr\u00e1gil equilibrio?","robots":{"index":"index","follow":"follow","max-snippet":"max-snippet:-1","max-image-preview":"max-image-preview:large","max-video-preview":"max-video-preview:-1"},"canonical":"https:\/\/lucia-rapetti.com\/es\/2025\/04\/14\/como-fortalecer-la-microbiota-de-la-piel-a-diario\/","og_locale":"es_ES","og_type":"article","og_title":"Comment renforcer son microbiote cutan\u00e9 au quotidien ?","og_description":"Le microbiote cutan\u00e9 est un alli\u00e9 invisible mais essentiel pour pr\u00e9server une peau saine et \u00e9clatante. Mais comment prendre soin de cet \u00e9quilibre fragile\u202f?","og_url":"https:\/\/lucia-rapetti.com\/es\/2025\/04\/14\/como-fortalecer-la-microbiota-de-la-piel-a-diario\/","og_site_name":"Lucia Rapetti Laboratoire Naturel","article_publisher":"https:\/\/www.facebook.com\/luciarapettiofficial","article_published_time":"2025-04-14T10:34:01+00:00","article_modified_time":"2025-11-03T13:45:55+00:00","og_image":[{"width":2121,"height":1414,"url":"https:\/\/lucia-rapetti.com\/wp-content\/uploads\/2024\/11\/microbiote-peau-la-de.jpg","type":"image\/jpeg"}],"author":"comanddesign","twitter_card":"summary_large_image","twitter_misc":{"Escrito por":"comanddesign","Tiempo de lectura":"3 minutos"},"schema":{"@context":"https:\/\/schema.org","@graph":[{"@type":"Article","@id":"https:\/\/lucia-rapetti.com\/2025\/04\/14\/comment-renforcer-son-microbiote-cutane-au-quotidien\/#article","isPartOf":{"@id":"https:\/\/lucia-rapetti.com\/2025\/04\/14\/comment-renforcer-son-microbiote-cutane-au-quotidien\/"},"author":{"name":"comanddesign","@id":"https:\/\/lucia-rapetti.com\/#\/schema\/person\/998552a7012c90388f667a7c785e867c"},"headline":"Comment renforcer son microbiote cutan\u00e9 au quotidien ?","datePublished":"2025-04-14T10:34:01+00:00","dateModified":"2025-11-03T13:45:55+00:00","mainEntityOfPage":{"@id":"https:\/\/lucia-rapetti.com\/2025\/04\/14\/comment-renforcer-son-microbiote-cutane-au-quotidien\/"},"wordCount":448,"publisher":{"@id":"https:\/\/lucia-rapetti.com\/#organization"},"image":{"@id":"https:\/\/lucia-rapetti.com\/2025\/04\/14\/comment-renforcer-son-microbiote-cutane-au-quotidien\/#primaryimage"},"thumbnailUrl":"https:\/\/lucia-rapetti.com\/wp-content\/uploads\/2024\/11\/microbiote-peau-la-de.jpg","keywords":["Clean Beauty","Gammes","Produits"],"articleSection":["Non class\u00e9","Produits"],"inLanguage":"es"},{"@type":"WebPage","@id":"https:\/\/lucia-rapetti.com\/2025\/04\/14\/comment-renforcer-son-microbiote-cutane-au-quotidien\/","url":"https:\/\/lucia-rapetti.com\/2025\/04\/14\/comment-renforcer-son-microbiote-cutane-au-quotidien\/","name":"\u00bfC\u00f3mo puede reforzar a diario la microbiota de su piel?","isPartOf":{"@id":"https:\/\/lucia-rapetti.com\/#website"},"primaryImageOfPage":{"@id":"https:\/\/lucia-rapetti.com\/2025\/04\/14\/comment-renforcer-son-microbiote-cutane-au-quotidien\/#primaryimage"},"image":{"@id":"https:\/\/lucia-rapetti.com\/2025\/04\/14\/comment-renforcer-son-microbiote-cutane-au-quotidien\/#primaryimage"},"thumbnailUrl":"https:\/\/lucia-rapetti.com\/wp-content\/uploads\/2024\/11\/microbiote-peau-la-de.jpg","datePublished":"2025-04-14T10:34:01+00:00","dateModified":"2025-11-03T13:45:55+00:00","description":"La microbiota cut\u00e1nea es un aliado invisible pero esencial para mantener una piel sana y radiante. Pero, \u00bfc\u00f3mo podemos cuidar este fr\u00e1gil equilibrio?","breadcrumb":{"@id":"https:\/\/lucia-rapetti.com\/2025\/04\/14\/comment-renforcer-son-microbiote-cutane-au-quotidien\/#breadcrumb"},"inLanguage":"es","potentialAction":[{"@type":"ReadAction","target":["https:\/\/lucia-rapetti.com\/2025\/04\/14\/comment-renforcer-son-microbiote-cutane-au-quotidien\/"]}]},{"@type":"ImageObject","inLanguage":"es","@id":"https:\/\/lucia-rapetti.com\/2025\/04\/14\/comment-renforcer-son-microbiote-cutane-au-quotidien\/#primaryimage","url":"https:\/\/lucia-rapetti.com\/wp-content\/uploads\/2024\/11\/microbiote-peau-la-de.jpg","contentUrl":"https:\/\/lucia-rapetti.com\/wp-content\/uploads\/2024\/11\/microbiote-peau-la-de.jpg","width":2121,"height":1414,"caption":"microbiote peau sensible"},{"@type":"BreadcrumbList","@id":"https:\/\/lucia-rapetti.com\/2025\/04\/14\/comment-renforcer-son-microbiote-cutane-au-quotidien\/#breadcrumb","itemListElement":[{"@type":"ListItem","position":1,"name":"Lucia Rapetti","item":"https:\/\/lucia-rapetti.com\/"},{"@type":"ListItem","position":2,"name":"Non class\u00e9","item":"https:\/\/lucia-rapetti.com\/category\/non-classe\/"},{"@type":"ListItem","position":3,"name":"Comment renforcer son microbiote cutan\u00e9 au quotidien ?"}]},{"@type":"WebSite","@id":"https:\/\/lucia-rapetti.com\/#website","url":"https:\/\/lucia-rapetti.com\/","name":"Lucia Rapetti Laboratorio Natural","description":"Laboratorio de cosm\u00e9tica natural y belleza","publisher":{"@id":"https:\/\/lucia-rapetti.com\/#organization"},"potentialAction":[{"@type":"SearchAction","target":{"@type":"EntryPoint","urlTemplate":"https:\/\/lucia-rapetti.com\/?s={search_term_string}"},"query-input":{"@type":"PropertyValueSpecification","valueRequired":true,"valueName":"search_term_string"}}],"inLanguage":"es"},{"@type":"Organization","@id":"https:\/\/lucia-rapetti.com\/#organization","name":"Lucia Rapetti Laboratorio Natural","alternateName":"LR","url":"https:\/\/lucia-rapetti.com\/","logo":{"@type":"ImageObject","inLanguage":"es","@id":"https:\/\/lucia-rapetti.com\/#\/schema\/logo\/image\/","url":"https:\/\/lucia-rapetti.com\/wp-content\/uploads\/2023\/04\/cropped-lucia-rapetti-logo-1.png","contentUrl":"https:\/\/lucia-rapetti.com\/wp-content\/uploads\/2023\/04\/cropped-lucia-rapetti-logo-1.png","width":850,"height":142,"caption":"Lucia Rapetti Laboratoire Naturel"},"image":{"@id":"https:\/\/lucia-rapetti.com\/#\/schema\/logo\/image\/"},"sameAs":["https:\/\/www.facebook.com\/luciarapettiofficial","https:\/\/www.instagram.com\/luciarapettiofficial\/"]},{"@type":"Person","@id":"https:\/\/lucia-rapetti.com\/#\/schema\/person\/998552a7012c90388f667a7c785e867c","name":"comanddesign","image":{"@type":"ImageObject","inLanguage":"es","@id":"https:\/\/secure.gravatar.com\/avatar\/27c210af2472b79045a22c67a02dc2e84d697a703065450f2ac9a83e96d5036c?s=96&d=mm&r=g","url":"https:\/\/secure.gravatar.com\/avatar\/27c210af2472b79045a22c67a02dc2e84d697a703065450f2ac9a83e96d5036c?s=96&d=mm&r=g","contentUrl":"https:\/\/secure.gravatar.com\/avatar\/27c210af2472b79045a22c67a02dc2e84d697a703065450f2ac9a83e96d5036c?s=96&d=mm&r=g","caption":"comanddesign"},"sameAs":["https:\/\/client.comanddesign.com"],"url":"https:\/\/lucia-rapetti.com\/es\/author\/comanddesign\/"}]}},"_links":{"self":[{"href":"https:\/\/lucia-rapetti.com\/es\/wp-json\/wp\/v2\/posts\/16311","targetHints":{"allow":["GET"]}}],"collection":[{"href":"https:\/\/lucia-rapetti.com\/es\/wp-json\/wp\/v2\/posts"}],"about":[{"href":"https:\/\/lucia-rapetti.com\/es\/wp-json\/wp\/v2\/types\/post"}],"author":[{"embeddable":true,"href":"https:\/\/lucia-rapetti.com\/es\/wp-json\/wp\/v2\/users\/1"}],"replies":[{"embeddable":true,"href":"https:\/\/lucia-rapetti.com\/es\/wp-json\/wp\/v2\/comments?post=16311"}],"version-history":[{"count":0,"href":"https:\/\/lucia-rapetti.com\/es\/wp-json\/wp\/v2\/posts\/16311\/revisions"}],"wp:featuredmedia":[{"embeddable":true,"href":"https:\/\/lucia-rapetti.com\/es\/wp-json\/wp\/v2\/media\/15950"}],"wp:attachment":[{"href":"https:\/\/lucia-rapetti.com\/es\/wp-json\/wp\/v2\/media?parent=16311"}],"wp:term":[{"taxonomy":"category","embeddable":true,"href":"https:\/\/lucia-rapetti.com\/es\/wp-json\/wp\/v2\/categories?post=16311"},{"taxonomy":"post_tag","embeddable":true,"href":"https:\/\/lucia-rapetti.com\/es\/wp-json\/wp\/v2\/tags?post=16311"}],"curies":[{"name":"wp","href":"https:\/\/api.w.org\/{rel}","templated":true}]}}