{"id":16110,"date":"2025-02-21T14:42:16","date_gmt":"2025-02-21T13:42:16","guid":{"rendered":"https:\/\/lucia-rapetti.com\/?p=16110"},"modified":"2025-11-03T14:46:09","modified_gmt":"2025-11-03T13:46:09","slug":"belleza-natural-la-esencia-del-cuidado-moderno-de-la-piel-2","status":"publish","type":"post","link":"https:\/\/lucia-rapetti.com\/es\/2025\/02\/21\/belleza-natural-la-esencia-del-cuidado-moderno-de-la-piel-2\/","title":{"rendered":"LAS NUEVAS FRONTERAS DE LA BELLEZA NATURAL"},"content":{"rendered":"<div data-elementor-type=\"wp-post\" data-elementor-id=\"16110\" class=\"elementor elementor-16110\" data-elementor-post-type=\"post\">\n\t\t\t\t<div class=\"elementor-element elementor-element-68e19167 e-flex e-con-boxed e-con e-parent\" data-id=\"68e19167\" data-element_type=\"container\" data-e-type=\"container\">\n\t\t\t\t\t<div class=\"e-con-inner\">\n\t\t\t\t<div class=\"elementor-element elementor-element-2d2fd52 elementor-widget elementor-widget-text-editor\" data-id=\"2d2fd52\" data-element_type=\"widget\" data-e-type=\"widget\" data-widget_type=\"text-editor.default\">\n\t\t\t\t<div class=\"elementor-widget-container\">\n\t\t\t\t\t\t\t\t\t<p><strong>UNA BELLEZA M\u00c1S RESPONSABLE Y SALUDABLE<\/strong><\/p>\n<p><img decoding=\"async\" class=\"wp-image-5297 alignright\" src=\"https:\/\/lucia-rapetti.com\/wp-content\/uploads\/2024\/03\/LR-slider-cb4-1.jpg\" alt=\"\" width=\"208\" height=\"77\" srcset=\"https:\/\/lucia-rapetti.com\/wp-content\/uploads\/2024\/03\/LR-slider-cb4-1.jpg 1080w, https:\/\/lucia-rapetti.com\/wp-content\/uploads\/2024\/03\/LR-slider-cb4-1-300x111.jpg 300w, https:\/\/lucia-rapetti.com\/wp-content\/uploads\/2024\/03\/LR-slider-cb4-1-1024x379.jpg 1024w, https:\/\/lucia-rapetti.com\/wp-content\/uploads\/2024\/03\/LR-slider-cb4-1-768x284.jpg 768w, https:\/\/lucia-rapetti.com\/wp-content\/uploads\/2024\/03\/LR-slider-cb4-1-18x7.jpg 18w, https:\/\/lucia-rapetti.com\/wp-content\/uploads\/2024\/03\/LR-slider-cb4-1-600x222.jpg 600w\" sizes=\"(max-width: 208px) 100vw, 208px\" \/>La belleza natural es algo m\u00e1s que una tendencia: es una revoluci\u00f3n que est\u00e1 transformando la forma en que cuidamos nuestra piel. Atr\u00e1s quedaron las f\u00f3rmulas opacas y las listas de ingredientes incomprensibles: los consumidores de hoy quieren transparencia y productos para el cuidado de la piel que respeten su piel y el medio ambiente. En este mundo en r\u00e1pida transformaci\u00f3n, la <a href=\"https:\/\/lucia-rapetti.com\/es\/cosmeticos-de-belleza-limpia\/\"><strong>belleza limpia<\/strong><\/a> se ha convertido en algo natural, redefiniendo los est\u00e1ndares de la industria cosm\u00e9tica.<\/p>\n<p><strong>BELLEZA LIMPIA: UNA EXIGENCIA DE TRANSPARENCIA<\/strong><\/p>\n<p>El concepto de <strong>belleza limpia<\/strong> no se limita a la ausencia de sustancias controvertidas. Abarca un enfoque global en el que cada ingrediente se selecciona por sus beneficios y su seguridad. A <a href=\"https:\/\/lucia-rapetti.com\/es\/categoria-de-productos\/cara\/cremas-faciales-naturales-2\/\"><strong>crema facial natural<\/strong><\/a>, por ejemplo, debe garantizar no s\u00f3lo una formulaci\u00f3n purificada, sino tambi\u00e9n una eficacia probada sin comprometer la sensorialidad.<\/p>\n<p>En <strong>Luc\u00eda Rapetti<\/strong>, La belleza natural es una filosof\u00eda que combina lo mejor de la naturaleza y la ciencia para ofrecer productos de cuidado de la piel respetuosos con el medio ambiente. <a href=\"https:\/\/lucia-rapetti.com\/es\/microbiota-cutanea\/\"><strong>microbiota cut\u00e1nea<\/strong><\/a> y el equilibrio de la piel. Porque una piel bonita es, ante todo, una piel sana.<img decoding=\"async\" class=\"wp-image-15931 alignleft\" src=\"https:\/\/lucia-rapetti.com\/wp-content\/uploads\/2024\/06\/visu-les-cremes-naturelles-pour-le-visage-de-lucia-rapetti.jpg\" alt=\"visu-les-cremes-naturelles-para-la-cara-de-lucia-rapetti\" width=\"182\" height=\"121\" srcset=\"https:\/\/lucia-rapetti.com\/wp-content\/uploads\/2024\/06\/visu-les-cremes-naturelles-pour-le-visage-de-lucia-rapetti.jpg 1200w, https:\/\/lucia-rapetti.com\/wp-content\/uploads\/2024\/06\/visu-les-cremes-naturelles-pour-le-visage-de-lucia-rapetti-300x200.jpg 300w, https:\/\/lucia-rapetti.com\/wp-content\/uploads\/2024\/06\/visu-les-cremes-naturelles-pour-le-visage-de-lucia-rapetti-1024x681.jpg 1024w, https:\/\/lucia-rapetti.com\/wp-content\/uploads\/2024\/06\/visu-les-cremes-naturelles-pour-le-visage-de-lucia-rapetti-768x511.jpg 768w, https:\/\/lucia-rapetti.com\/wp-content\/uploads\/2024\/06\/visu-les-cremes-naturelles-pour-le-visage-de-lucia-rapetti-18x12.jpg 18w, https:\/\/lucia-rapetti.com\/wp-content\/uploads\/2024\/06\/visu-les-cremes-naturelles-pour-le-visage-de-lucia-rapetti-600x399.jpg 600w\" sizes=\"(max-width: 182px) 100vw, 182px\" \/><\/p>\n<p><strong>LA IMPORTANCIA DE LA MICROBIOTA DE LA PIEL<\/strong><\/p>\n<p>Le <strong>microbiota cut\u00e1nea<\/strong> est\u00e1 ahora en el centro de la investigaci\u00f3n cosm\u00e9tica. Este aut\u00e9ntico ecosistema cut\u00e1neo desempe\u00f1a un papel esencial en la protecci\u00f3n e hidrataci\u00f3n de la epidermis. Por ello, las f\u00f3rmulas que respetan este equilibrio son esenciales para garantizar una piel sana y radiante.<\/p>\n<p>En <a href=\"https:\/\/lucia-rapetti.com\/es\/instituto-de-belleza-natural\/\"><strong>salones de belleza naturales<\/strong><\/a> y marcas vanguardistas como <strong>Luc\u00eda Rapetti<\/strong> est\u00e1n incorporando esta dimensi\u00f3n a sus productos de cuidado de la piel, dando prioridad a los ingredientes que refuerzan y nutren la flora cut\u00e1nea.<\/p>\n<p><strong>HACIA UNA BELLEZA SOSTENIBLE Y COMPROMETIDA<\/strong><\/p>\n<p><img decoding=\"async\" class=\"wp-image-1851 alignright\" src=\"https:\/\/lucia-rapetti.com\/wp-content\/uploads\/2023\/07\/LR-sito-hp-clean-beauty.jpg\" alt=\"belleza limpia cosm\u00e9tica natural\" width=\"126\" height=\"153\" srcset=\"https:\/\/lucia-rapetti.com\/wp-content\/uploads\/2023\/07\/LR-sito-hp-clean-beauty.jpg 534w, https:\/\/lucia-rapetti.com\/wp-content\/uploads\/2023\/07\/LR-sito-hp-clean-beauty-246x300.jpg 246w\" sizes=\"(max-width: 126px) 100vw, 126px\" \/>Hoy ya no se concibe la belleza sin un compromiso duradero. Visite <a href=\"https:\/\/lucia-rapetti.com\/es\/\"><strong>cosm\u00e9tica natural<\/strong><\/a> favorecen los principios activos de origen vegetal, los envases ecodise\u00f1ados y los procesos de fabricaci\u00f3n respetuosos con el medio ambiente.<\/p>\n<p>Lucia Rapetti encarna este compromiso con una gama de productos para el cuidado de la piel en la que cada producto est\u00e1 dise\u00f1ado para combinar placer, eficacia y \u00e9tica. Un compromiso que seduce a los clientes que buscan transparencia y bienestar.<\/p>\n<p><strong>EL FUTURO DE LOS TRATAMIENTOS ANTIEDAD NATURALES<\/strong><\/p>\n<p>La lucha contra el envejecimiento cut\u00e1neo se reinventa gracias a los avances cient\u00edficos y a la creciente popularidad de las soluciones naturales. A <a href=\"https:\/\/lucia-rapetti.com\/es\/categoria-de-productos\/cara\/cuidado-antiedad-natural\/\"><strong>cuidado antiedad natural<\/strong><\/a> se basa ahora en potentes ingredientes activos como aceites vegetales, probi\u00f3ticos y extractos de plantas con propiedades regeneradoras. Las f\u00f3rmulas de <strong>Luc\u00eda Rapetti<\/strong> forman parte de esta nueva generaci\u00f3n de cuidados de la piel, aportando una respuesta eficaz y respetuosa a las necesidades de una piel en busca de juventud y resplandor. <img loading=\"lazy\" decoding=\"async\" class=\"alignleft wp-image-1850\" src=\"https:\/\/lucia-rapetti.com\/wp-content\/uploads\/2023\/07\/LR-sito-hp-clean-beauty2.jpg\" alt=\"productos de belleza limpios\" width=\"135\" height=\"164\" srcset=\"https:\/\/lucia-rapetti.com\/wp-content\/uploads\/2023\/07\/LR-sito-hp-clean-beauty2.jpg 534w, https:\/\/lucia-rapetti.com\/wp-content\/uploads\/2023\/07\/LR-sito-hp-clean-beauty2-246x300.jpg 246w\" sizes=\"(max-width: 135px) 100vw, 135px\" \/><\/p>\n<p><strong>BELLEZA PARA EL FUTURO<\/strong><\/p>\n<p>Lejos de ser una moda pasajera, el <strong>belleza limpia<\/strong> se est\u00e1 estableciendo como un nuevo est\u00e1ndar en el que la calidad, la eficacia y la \u00e9tica van de la mano. Gracias a marcas visionarias como <strong>Luc\u00eda Rapetti<\/strong>, Ahora es posible cuidar la piel respetando su propio equilibrio y el del planeta. Un avance que redefine nuestra relaci\u00f3n con la belleza y abre el camino a una cosm\u00e9tica m\u00e1s responsable y aut\u00e9ntica.\u00a0\u00a0<\/p>\t\t\t\t\t\t\t\t<\/div>\n\t\t\t\t<\/div>\n\t\t\t\t\t<\/div>\n\t\t\t\t<\/div>\n\t\t\t\t<\/div>","protected":false},"excerpt":{"rendered":"<p>UNE BEAUT\u00c9 PLUS RESPONSABLE ET PLUS SAINE La beaut\u00e9 naturelle est plus qu\u2019une tendance, c\u2019est une v\u00e9ritable r\u00e9volution qui transforme notre fa\u00e7on de prendre soin de notre peau. Exit les formulations opaques et les listes d\u2019ingr\u00e9dients incompr\u00e9hensibles : aujourd\u2019hui, les consommateurs veulent de la transparence, des soins respectueux de leur peau et de l\u2019environnement. Dans [&hellip;]<\/p>\n","protected":false},"author":3,"featured_media":2766,"comment_status":"closed","ping_status":"closed","sticky":false,"template":"","format":"standard","meta":{"_acf_changed":false,"site-sidebar-layout":"default","site-content-layout":"","ast-site-content-layout":"default","site-content-style":"default","site-sidebar-style":"default","ast-global-header-display":"","ast-banner-title-visibility":"","ast-main-header-display":"","ast-hfb-above-header-display":"","ast-hfb-below-header-display":"","ast-hfb-mobile-header-display":"","site-post-title":"","ast-breadcrumbs-content":"","ast-featured-img":"","footer-sml-layout":"","ast-disable-related-posts":"","theme-transparent-header-meta":"","adv-header-id-meta":"","stick-header-meta":"","header-above-stick-meta":"","header-main-stick-meta":"","header-below-stick-meta":"","astra-migrate-meta-layouts":"set","ast-page-background-enabled":"default","ast-page-background-meta":{"desktop":{"background-color":"var(--ast-global-color-4)","background-image":"","background-repeat":"repeat","background-position":"center center","background-size":"auto","background-attachment":"scroll","background-type":"","background-media":"","overlay-type":"","overlay-color":"","overlay-opacity":"","overlay-gradient":""},"tablet":{"background-color":"","background-image":"","background-repeat":"repeat","background-position":"center center","background-size":"auto","background-attachment":"scroll","background-type":"","background-media":"","overlay-type":"","overlay-color":"","overlay-opacity":"","overlay-gradient":""},"mobile":{"background-color":"","background-image":"","background-repeat":"repeat","background-position":"center center","background-size":"auto","background-attachment":"scroll","background-type":"","background-media":"","overlay-type":"","overlay-color":"","overlay-opacity":"","overlay-gradient":""}},"ast-content-background-meta":{"desktop":{"background-color":"var(--ast-global-color-5)","background-image":"","background-repeat":"repeat","background-position":"center center","background-size":"auto","background-attachment":"scroll","background-type":"","background-media":"","overlay-type":"","overlay-color":"","overlay-opacity":"","overlay-gradient":""},"tablet":{"background-color":"var(--ast-global-color-5)","background-image":"","background-repeat":"repeat","background-position":"center center","background-size":"auto","background-attachment":"scroll","background-type":"","background-media":"","overlay-type":"","overlay-color":"","overlay-opacity":"","overlay-gradient":""},"mobile":{"background-color":"var(--ast-global-color-5)","background-image":"","background-repeat":"repeat","background-position":"center center","background-size":"auto","background-attachment":"scroll","background-type":"","background-media":"","overlay-type":"","overlay-color":"","overlay-opacity":"","overlay-gradient":""}},"footnotes":""},"categories":[113,117,1,100],"tags":[101,103,102],"class_list":["post-16110","post","type-post","status-publish","format-standard","has-post-thumbnail","hentry","category-beaute-naturelle","category-instituts-de-beaute","category-non-classe","category-produits","tag-clean-beauty","tag-gammes","tag-produits"],"acf":[],"yoast_head":"<!-- This site is optimized with the Yoast SEO plugin v27.5 - https:\/\/yoast.com\/product\/yoast-seo-wordpress\/ -->\n<title>LES NOUVELLES FRONTI\u00c8RES DE LA BEAUT\u00c9 NATURELLE - Lucia Rapetti Laboratoire Naturel<\/title>\n<meta name=\"robots\" content=\"index, follow, max-snippet:-1, max-image-preview:large, max-video-preview:-1\" \/>\n<link rel=\"canonical\" href=\"https:\/\/lucia-rapetti.com\/es\/2025\/02\/21\/belleza-natural-la-esencia-del-cuidado-moderno-de-la-piel-2\/\" \/>\n<meta property=\"og:locale\" content=\"es_ES\" \/>\n<meta property=\"og:type\" content=\"article\" \/>\n<meta property=\"og:title\" content=\"LES NOUVELLES FRONTI\u00c8RES DE LA BEAUT\u00c9 NATURELLE - Lucia Rapetti Laboratoire Naturel\" \/>\n<meta property=\"og:description\" content=\"UNE BEAUT\u00c9 PLUS RESPONSABLE ET PLUS SAINE La beaut\u00e9 naturelle est plus qu\u2019une tendance, c\u2019est une v\u00e9ritable r\u00e9volution qui transforme notre fa\u00e7on de prendre soin de notre peau. Exit les formulations opaques et les listes d\u2019ingr\u00e9dients incompr\u00e9hensibles : aujourd\u2019hui, les consommateurs veulent de la transparence, des soins respectueux de leur peau et de l\u2019environnement. Dans [&hellip;]\" \/>\n<meta property=\"og:url\" content=\"https:\/\/lucia-rapetti.com\/es\/2025\/02\/21\/belleza-natural-la-esencia-del-cuidado-moderno-de-la-piel-2\/\" \/>\n<meta property=\"og:site_name\" content=\"Lucia Rapetti Laboratoire Naturel\" \/>\n<meta property=\"article:publisher\" content=\"https:\/\/www.facebook.com\/luciarapettiofficial\" \/>\n<meta property=\"article:published_time\" content=\"2025-02-21T13:42:16+00:00\" \/>\n<meta property=\"article:modified_time\" content=\"2025-11-03T13:46:09+00:00\" \/>\n<meta property=\"og:image\" content=\"https:\/\/lucia-rapetti.com\/wp-content\/uploads\/2023\/09\/LR-sito-gamme-ecologica-new4.jpg\" \/>\n\t<meta property=\"og:image:width\" content=\"600\" \/>\n\t<meta property=\"og:image:height\" content=\"600\" \/>\n\t<meta property=\"og:image:type\" content=\"image\/jpeg\" \/>\n<meta name=\"author\" content=\"leandro\" \/>\n<meta name=\"twitter:card\" content=\"summary_large_image\" \/>\n<meta name=\"twitter:label1\" content=\"Escrito por\" \/>\n\t<meta name=\"twitter:data1\" content=\"leandro\" \/>\n\t<meta name=\"twitter:label2\" content=\"Tiempo de lectura\" \/>\n\t<meta name=\"twitter:data2\" content=\"4 minutos\" \/>\n<script type=\"application\/ld+json\" class=\"yoast-schema-graph\">{\"@context\":\"https:\\\/\\\/schema.org\",\"@graph\":[{\"@type\":\"Article\",\"@id\":\"https:\\\/\\\/lucia-rapetti.com\\\/2025\\\/02\\\/21\\\/la-beaute-naturelle-lessence-du-soin-moderne-2\\\/#article\",\"isPartOf\":{\"@id\":\"https:\\\/\\\/lucia-rapetti.com\\\/2025\\\/02\\\/21\\\/la-beaute-naturelle-lessence-du-soin-moderne-2\\\/\"},\"author\":{\"name\":\"leandro\",\"@id\":\"https:\\\/\\\/lucia-rapetti.com\\\/#\\\/schema\\\/person\\\/c5e3c28057764bcb3187951a0efadcd5\"},\"headline\":\"LES NOUVELLES FRONTI\u00c8RES DE LA BEAUT\u00c9 NATURELLE\",\"datePublished\":\"2025-02-21T13:42:16+00:00\",\"dateModified\":\"2025-11-03T13:46:09+00:00\",\"mainEntityOfPage\":{\"@id\":\"https:\\\/\\\/lucia-rapetti.com\\\/2025\\\/02\\\/21\\\/la-beaute-naturelle-lessence-du-soin-moderne-2\\\/\"},\"wordCount\":563,\"publisher\":{\"@id\":\"https:\\\/\\\/lucia-rapetti.com\\\/#organization\"},\"image\":{\"@id\":\"https:\\\/\\\/lucia-rapetti.com\\\/2025\\\/02\\\/21\\\/la-beaute-naturelle-lessence-du-soin-moderne-2\\\/#primaryimage\"},\"thumbnailUrl\":\"https:\\\/\\\/lucia-rapetti.com\\\/wp-content\\\/uploads\\\/2023\\\/09\\\/LR-sito-gamme-ecologica-new4.jpg\",\"keywords\":[\"Clean Beauty\",\"Gammes\",\"Produits\"],\"articleSection\":[\"Beaut\u00e9 Naturelle\",\"Instituts de Beaut\u00e9\",\"Non class\u00e9\",\"Produits\"],\"inLanguage\":\"es\"},{\"@type\":\"WebPage\",\"@id\":\"https:\\\/\\\/lucia-rapetti.com\\\/2025\\\/02\\\/21\\\/la-beaute-naturelle-lessence-du-soin-moderne-2\\\/\",\"url\":\"https:\\\/\\\/lucia-rapetti.com\\\/2025\\\/02\\\/21\\\/la-beaute-naturelle-lessence-du-soin-moderne-2\\\/\",\"name\":\"LES NOUVELLES FRONTI\u00c8RES DE LA BEAUT\u00c9 NATURELLE - Lucia Rapetti Laboratoire Naturel\",\"isPartOf\":{\"@id\":\"https:\\\/\\\/lucia-rapetti.com\\\/#website\"},\"primaryImageOfPage\":{\"@id\":\"https:\\\/\\\/lucia-rapetti.com\\\/2025\\\/02\\\/21\\\/la-beaute-naturelle-lessence-du-soin-moderne-2\\\/#primaryimage\"},\"image\":{\"@id\":\"https:\\\/\\\/lucia-rapetti.com\\\/2025\\\/02\\\/21\\\/la-beaute-naturelle-lessence-du-soin-moderne-2\\\/#primaryimage\"},\"thumbnailUrl\":\"https:\\\/\\\/lucia-rapetti.com\\\/wp-content\\\/uploads\\\/2023\\\/09\\\/LR-sito-gamme-ecologica-new4.jpg\",\"datePublished\":\"2025-02-21T13:42:16+00:00\",\"dateModified\":\"2025-11-03T13:46:09+00:00\",\"breadcrumb\":{\"@id\":\"https:\\\/\\\/lucia-rapetti.com\\\/2025\\\/02\\\/21\\\/la-beaute-naturelle-lessence-du-soin-moderne-2\\\/#breadcrumb\"},\"inLanguage\":\"es\",\"potentialAction\":[{\"@type\":\"ReadAction\",\"target\":[\"https:\\\/\\\/lucia-rapetti.com\\\/2025\\\/02\\\/21\\\/la-beaute-naturelle-lessence-du-soin-moderne-2\\\/\"]}]},{\"@type\":\"ImageObject\",\"inLanguage\":\"es\",\"@id\":\"https:\\\/\\\/lucia-rapetti.com\\\/2025\\\/02\\\/21\\\/la-beaute-naturelle-lessence-du-soin-moderne-2\\\/#primaryimage\",\"url\":\"https:\\\/\\\/lucia-rapetti.com\\\/wp-content\\\/uploads\\\/2023\\\/09\\\/LR-sito-gamme-ecologica-new4.jpg\",\"contentUrl\":\"https:\\\/\\\/lucia-rapetti.com\\\/wp-content\\\/uploads\\\/2023\\\/09\\\/LR-sito-gamme-ecologica-new4.jpg\",\"width\":600,\"height\":600},{\"@type\":\"BreadcrumbList\",\"@id\":\"https:\\\/\\\/lucia-rapetti.com\\\/2025\\\/02\\\/21\\\/la-beaute-naturelle-lessence-du-soin-moderne-2\\\/#breadcrumb\",\"itemListElement\":[{\"@type\":\"ListItem\",\"position\":1,\"name\":\"Lucia Rapetti\",\"item\":\"https:\\\/\\\/lucia-rapetti.com\\\/\"},{\"@type\":\"ListItem\",\"position\":2,\"name\":\"Instituts de Beaut\u00e9\",\"item\":\"https:\\\/\\\/lucia-rapetti.com\\\/category\\\/instituts-de-beaute\\\/\"},{\"@type\":\"ListItem\",\"position\":3,\"name\":\"LES NOUVELLES FRONTI\u00c8RES DE LA BEAUT\u00c9 NATURELLE\"}]},{\"@type\":\"WebSite\",\"@id\":\"https:\\\/\\\/lucia-rapetti.com\\\/#website\",\"url\":\"https:\\\/\\\/lucia-rapetti.com\\\/\",\"name\":\"Lucia Rapetti Laboratoire Naturel\",\"description\":\"Laboratoire de cosm\u00e9tique naturel et beaut\u00e9\",\"publisher\":{\"@id\":\"https:\\\/\\\/lucia-rapetti.com\\\/#organization\"},\"potentialAction\":[{\"@type\":\"SearchAction\",\"target\":{\"@type\":\"EntryPoint\",\"urlTemplate\":\"https:\\\/\\\/lucia-rapetti.com\\\/?s={search_term_string}\"},\"query-input\":{\"@type\":\"PropertyValueSpecification\",\"valueRequired\":true,\"valueName\":\"search_term_string\"}}],\"inLanguage\":\"es\"},{\"@type\":\"Organization\",\"@id\":\"https:\\\/\\\/lucia-rapetti.com\\\/#organization\",\"name\":\"Lucia Rapetti Laboratoire Naturel\",\"alternateName\":\"LR\",\"url\":\"https:\\\/\\\/lucia-rapetti.com\\\/\",\"logo\":{\"@type\":\"ImageObject\",\"inLanguage\":\"es\",\"@id\":\"https:\\\/\\\/lucia-rapetti.com\\\/#\\\/schema\\\/logo\\\/image\\\/\",\"url\":\"https:\\\/\\\/lucia-rapetti.com\\\/wp-content\\\/uploads\\\/2023\\\/04\\\/cropped-lucia-rapetti-logo-1.png\",\"contentUrl\":\"https:\\\/\\\/lucia-rapetti.com\\\/wp-content\\\/uploads\\\/2023\\\/04\\\/cropped-lucia-rapetti-logo-1.png\",\"width\":850,\"height\":142,\"caption\":\"Lucia Rapetti Laboratoire Naturel\"},\"image\":{\"@id\":\"https:\\\/\\\/lucia-rapetti.com\\\/#\\\/schema\\\/logo\\\/image\\\/\"},\"sameAs\":[\"https:\\\/\\\/www.facebook.com\\\/luciarapettiofficial\",\"https:\\\/\\\/www.instagram.com\\\/luciarapettiofficial\\\/\"]},{\"@type\":\"Person\",\"@id\":\"https:\\\/\\\/lucia-rapetti.com\\\/#\\\/schema\\\/person\\\/c5e3c28057764bcb3187951a0efadcd5\",\"name\":\"leandro\",\"image\":{\"@type\":\"ImageObject\",\"inLanguage\":\"es\",\"@id\":\"https:\\\/\\\/secure.gravatar.com\\\/avatar\\\/ca845a82be97d33b727e00e637f9cab01363bb61a8e7940471b836da1e586712?s=96&d=mm&r=g\",\"url\":\"https:\\\/\\\/secure.gravatar.com\\\/avatar\\\/ca845a82be97d33b727e00e637f9cab01363bb61a8e7940471b836da1e586712?s=96&d=mm&r=g\",\"contentUrl\":\"https:\\\/\\\/secure.gravatar.com\\\/avatar\\\/ca845a82be97d33b727e00e637f9cab01363bb61a8e7940471b836da1e586712?s=96&d=mm&r=g\",\"caption\":\"leandro\"},\"url\":\"https:\\\/\\\/lucia-rapetti.com\\\/es\\\/author\\\/leandro\\\/\"}]}<\/script>\n<!-- \/ Yoast SEO plugin. -->","yoast_head_json":{"title":"LAS NUEVAS FRONTERAS DE LA BELLEZA NATURAL - Lucia Rapetti Laboratoire Naturel","robots":{"index":"index","follow":"follow","max-snippet":"max-snippet:-1","max-image-preview":"max-image-preview:large","max-video-preview":"max-video-preview:-1"},"canonical":"https:\/\/lucia-rapetti.com\/es\/2025\/02\/21\/belleza-natural-la-esencia-del-cuidado-moderno-de-la-piel-2\/","og_locale":"es_ES","og_type":"article","og_title":"LES NOUVELLES FRONTI\u00c8RES DE LA BEAUT\u00c9 NATURELLE - Lucia Rapetti Laboratoire Naturel","og_description":"UNE BEAUT\u00c9 PLUS RESPONSABLE ET PLUS SAINE La beaut\u00e9 naturelle est plus qu\u2019une tendance, c\u2019est une v\u00e9ritable r\u00e9volution qui transforme notre fa\u00e7on de prendre soin de notre peau. Exit les formulations opaques et les listes d\u2019ingr\u00e9dients incompr\u00e9hensibles : aujourd\u2019hui, les consommateurs veulent de la transparence, des soins respectueux de leur peau et de l\u2019environnement. Dans [&hellip;]","og_url":"https:\/\/lucia-rapetti.com\/es\/2025\/02\/21\/belleza-natural-la-esencia-del-cuidado-moderno-de-la-piel-2\/","og_site_name":"Lucia Rapetti Laboratoire Naturel","article_publisher":"https:\/\/www.facebook.com\/luciarapettiofficial","article_published_time":"2025-02-21T13:42:16+00:00","article_modified_time":"2025-11-03T13:46:09+00:00","og_image":[{"width":600,"height":600,"url":"https:\/\/lucia-rapetti.com\/wp-content\/uploads\/2023\/09\/LR-sito-gamme-ecologica-new4.jpg","type":"image\/jpeg"}],"author":"leandro","twitter_card":"summary_large_image","twitter_misc":{"Escrito por":"leandro","Tiempo de lectura":"4 minutos"},"schema":{"@context":"https:\/\/schema.org","@graph":[{"@type":"Article","@id":"https:\/\/lucia-rapetti.com\/2025\/02\/21\/la-beaute-naturelle-lessence-du-soin-moderne-2\/#article","isPartOf":{"@id":"https:\/\/lucia-rapetti.com\/2025\/02\/21\/la-beaute-naturelle-lessence-du-soin-moderne-2\/"},"author":{"name":"leandro","@id":"https:\/\/lucia-rapetti.com\/#\/schema\/person\/c5e3c28057764bcb3187951a0efadcd5"},"headline":"LES NOUVELLES FRONTI\u00c8RES DE LA BEAUT\u00c9 NATURELLE","datePublished":"2025-02-21T13:42:16+00:00","dateModified":"2025-11-03T13:46:09+00:00","mainEntityOfPage":{"@id":"https:\/\/lucia-rapetti.com\/2025\/02\/21\/la-beaute-naturelle-lessence-du-soin-moderne-2\/"},"wordCount":563,"publisher":{"@id":"https:\/\/lucia-rapetti.com\/#organization"},"image":{"@id":"https:\/\/lucia-rapetti.com\/2025\/02\/21\/la-beaute-naturelle-lessence-du-soin-moderne-2\/#primaryimage"},"thumbnailUrl":"https:\/\/lucia-rapetti.com\/wp-content\/uploads\/2023\/09\/LR-sito-gamme-ecologica-new4.jpg","keywords":["Clean Beauty","Gammes","Produits"],"articleSection":["Beaut\u00e9 Naturelle","Instituts de Beaut\u00e9","Non class\u00e9","Produits"],"inLanguage":"es"},{"@type":"WebPage","@id":"https:\/\/lucia-rapetti.com\/2025\/02\/21\/la-beaute-naturelle-lessence-du-soin-moderne-2\/","url":"https:\/\/lucia-rapetti.com\/2025\/02\/21\/la-beaute-naturelle-lessence-du-soin-moderne-2\/","name":"LAS NUEVAS FRONTERAS DE LA BELLEZA NATURAL - Lucia Rapetti Laboratoire Naturel","isPartOf":{"@id":"https:\/\/lucia-rapetti.com\/#website"},"primaryImageOfPage":{"@id":"https:\/\/lucia-rapetti.com\/2025\/02\/21\/la-beaute-naturelle-lessence-du-soin-moderne-2\/#primaryimage"},"image":{"@id":"https:\/\/lucia-rapetti.com\/2025\/02\/21\/la-beaute-naturelle-lessence-du-soin-moderne-2\/#primaryimage"},"thumbnailUrl":"https:\/\/lucia-rapetti.com\/wp-content\/uploads\/2023\/09\/LR-sito-gamme-ecologica-new4.jpg","datePublished":"2025-02-21T13:42:16+00:00","dateModified":"2025-11-03T13:46:09+00:00","breadcrumb":{"@id":"https:\/\/lucia-rapetti.com\/2025\/02\/21\/la-beaute-naturelle-lessence-du-soin-moderne-2\/#breadcrumb"},"inLanguage":"es","potentialAction":[{"@type":"ReadAction","target":["https:\/\/lucia-rapetti.com\/2025\/02\/21\/la-beaute-naturelle-lessence-du-soin-moderne-2\/"]}]},{"@type":"ImageObject","inLanguage":"es","@id":"https:\/\/lucia-rapetti.com\/2025\/02\/21\/la-beaute-naturelle-lessence-du-soin-moderne-2\/#primaryimage","url":"https:\/\/lucia-rapetti.com\/wp-content\/uploads\/2023\/09\/LR-sito-gamme-ecologica-new4.jpg","contentUrl":"https:\/\/lucia-rapetti.com\/wp-content\/uploads\/2023\/09\/LR-sito-gamme-ecologica-new4.jpg","width":600,"height":600},{"@type":"BreadcrumbList","@id":"https:\/\/lucia-rapetti.com\/2025\/02\/21\/la-beaute-naturelle-lessence-du-soin-moderne-2\/#breadcrumb","itemListElement":[{"@type":"ListItem","position":1,"name":"Lucia Rapetti","item":"https:\/\/lucia-rapetti.com\/"},{"@type":"ListItem","position":2,"name":"Instituts de Beaut\u00e9","item":"https:\/\/lucia-rapetti.com\/category\/instituts-de-beaute\/"},{"@type":"ListItem","position":3,"name":"LES NOUVELLES FRONTI\u00c8RES DE LA BEAUT\u00c9 NATURELLE"}]},{"@type":"WebSite","@id":"https:\/\/lucia-rapetti.com\/#website","url":"https:\/\/lucia-rapetti.com\/","name":"Lucia Rapetti Laboratorio Natural","description":"Laboratorio de cosm\u00e9tica natural y belleza","publisher":{"@id":"https:\/\/lucia-rapetti.com\/#organization"},"potentialAction":[{"@type":"SearchAction","target":{"@type":"EntryPoint","urlTemplate":"https:\/\/lucia-rapetti.com\/?s={search_term_string}"},"query-input":{"@type":"PropertyValueSpecification","valueRequired":true,"valueName":"search_term_string"}}],"inLanguage":"es"},{"@type":"Organization","@id":"https:\/\/lucia-rapetti.com\/#organization","name":"Lucia Rapetti Laboratorio Natural","alternateName":"LR","url":"https:\/\/lucia-rapetti.com\/","logo":{"@type":"ImageObject","inLanguage":"es","@id":"https:\/\/lucia-rapetti.com\/#\/schema\/logo\/image\/","url":"https:\/\/lucia-rapetti.com\/wp-content\/uploads\/2023\/04\/cropped-lucia-rapetti-logo-1.png","contentUrl":"https:\/\/lucia-rapetti.com\/wp-content\/uploads\/2023\/04\/cropped-lucia-rapetti-logo-1.png","width":850,"height":142,"caption":"Lucia Rapetti Laboratoire Naturel"},"image":{"@id":"https:\/\/lucia-rapetti.com\/#\/schema\/logo\/image\/"},"sameAs":["https:\/\/www.facebook.com\/luciarapettiofficial","https:\/\/www.instagram.com\/luciarapettiofficial\/"]},{"@type":"Person","@id":"https:\/\/lucia-rapetti.com\/#\/schema\/person\/c5e3c28057764bcb3187951a0efadcd5","name":"leandro","image":{"@type":"ImageObject","inLanguage":"es","@id":"https:\/\/secure.gravatar.com\/avatar\/ca845a82be97d33b727e00e637f9cab01363bb61a8e7940471b836da1e586712?s=96&d=mm&r=g","url":"https:\/\/secure.gravatar.com\/avatar\/ca845a82be97d33b727e00e637f9cab01363bb61a8e7940471b836da1e586712?s=96&d=mm&r=g","contentUrl":"https:\/\/secure.gravatar.com\/avatar\/ca845a82be97d33b727e00e637f9cab01363bb61a8e7940471b836da1e586712?s=96&d=mm&r=g","caption":"leandro"},"url":"https:\/\/lucia-rapetti.com\/es\/author\/leandro\/"}]}},"_links":{"self":[{"href":"https:\/\/lucia-rapetti.com\/es\/wp-json\/wp\/v2\/posts\/16110","targetHints":{"allow":["GET"]}}],"collection":[{"href":"https:\/\/lucia-rapetti.com\/es\/wp-json\/wp\/v2\/posts"}],"about":[{"href":"https:\/\/lucia-rapetti.com\/es\/wp-json\/wp\/v2\/types\/post"}],"author":[{"embeddable":true,"href":"https:\/\/lucia-rapetti.com\/es\/wp-json\/wp\/v2\/users\/3"}],"replies":[{"embeddable":true,"href":"https:\/\/lucia-rapetti.com\/es\/wp-json\/wp\/v2\/comments?post=16110"}],"version-history":[{"count":0,"href":"https:\/\/lucia-rapetti.com\/es\/wp-json\/wp\/v2\/posts\/16110\/revisions"}],"wp:featuredmedia":[{"embeddable":true,"href":"https:\/\/lucia-rapetti.com\/es\/wp-json\/wp\/v2\/media\/2766"}],"wp:attachment":[{"href":"https:\/\/lucia-rapetti.com\/es\/wp-json\/wp\/v2\/media?parent=16110"}],"wp:term":[{"taxonomy":"category","embeddable":true,"href":"https:\/\/lucia-rapetti.com\/es\/wp-json\/wp\/v2\/categories?post=16110"},{"taxonomy":"post_tag","embeddable":true,"href":"https:\/\/lucia-rapetti.com\/es\/wp-json\/wp\/v2\/tags?post=16110"}],"curies":[{"name":"wp","href":"https:\/\/api.w.org\/{rel}","templated":true}]}}