{"id":16873,"date":"2025-09-08T14:42:27","date_gmt":"2025-09-08T12:42:27","guid":{"rendered":"https:\/\/lucia-rapetti.com\/?p=16873"},"modified":"2025-11-03T14:44:20","modified_gmt":"2025-11-03T13:44:20","slug":"naturliche-creme-gesicht-glanz-des-teint-wie-man-eine-strahlende-haut-wiederfindet","status":"publish","type":"post","link":"https:\/\/lucia-rapetti.com\/de\/2025\/09\/08\/naturliche-creme-gesicht-glanz-des-teint-wie-man-eine-strahlende-haut-wiederfindet\/","title":{"rendered":"Nat\u00fcrliche Gesichtscreme Ausstrahlung des Teints: Wie kann ich meine Haut wieder zum Strahlen bringen?"},"content":{"rendered":"<div data-elementor-type=\"wp-post\" data-elementor-id=\"16873\" class=\"elementor elementor-16873\" data-elementor-post-type=\"post\">\n\t\t\t\t<div class=\"elementor-element elementor-element-60f5836 e-flex e-con-boxed e-con e-parent\" data-id=\"60f5836\" data-element_type=\"container\" data-e-type=\"container\">\n\t\t\t\t\t<div class=\"e-con-inner\">\n\t\t\t\t<div class=\"elementor-element elementor-element-cdaca19 elementor-widget elementor-widget-text-editor\" data-id=\"cdaca19\" data-element_type=\"widget\" data-e-type=\"widget\" data-widget_type=\"text-editor.default\">\n\t\t\t\t<div class=\"elementor-widget-container\">\n\t\t\t\t\t\t\t\t\t<p data-start=\"366\" data-end=\"760\">Fahler Teint, fehlende Vitalit\u00e4t, kleine Unregelm\u00e4\u00dfigkeiten... Diese Anzeichen betreffen viele Frauen, unabh\u00e4ngig von Alter und Hauttyp. Was ist die L\u00f6sung? Eine <strong data-start=\"529\" data-end=\"570\">nat\u00fcrliche Gesichtscreme strahlender Teint<\/strong>, Die richtige Pflege kann die nat\u00fcrliche Leuchtkraft der Haut wecken und sie gleichzeitig schonen. In diesem Artikel erfahren Sie, wie Sie die ideale Pflege ausw\u00e4hlen und sie in Ihre t\u00e4gliche Sch\u00f6nheitsroutine integrieren k\u00f6nnen.<\/p><hr data-start=\"762\" data-end=\"765\" \/><h3 data-start=\"767\" data-end=\"810\">Warum verliert der Teint seine Ausstrahlung?<\/h3><p data-start=\"811\" data-end=\"857\">Es gibt mehrere Faktoren, die den Teint fahl erscheinen lassen k\u00f6nnen:<\/p><ul data-start=\"858\" data-end=\"1009\"><li data-start=\"858\" data-end=\"897\"><p data-start=\"860\" data-end=\"897\">Umweltverschmutzung und oxidativem Stress,<\/p><\/li><li data-start=\"898\" data-end=\"937\"><p data-start=\"900\" data-end=\"937\">M\u00fcdigkeit und Schlafmangel,<\/p><\/li><li data-start=\"938\" data-end=\"971\"><p data-start=\"940\" data-end=\"971\">unzureichende Hydratation,<\/p><\/li><li data-start=\"972\" data-end=\"1009\"><p data-start=\"974\" data-end=\"1009\">die nat\u00fcrliche Hautalterung.<\/p><\/li><\/ul><p data-start=\"1011\" data-end=\"1083\">Das Ergebnis: Die Haut sieht fahler, m\u00fcder und ungleichm\u00e4\u00dfiger aus.<\/p><hr data-start=\"1085\" data-end=\"1088\" \/><h3 data-start=\"1090\" data-end=\"1150\">Die L\u00f6sung: eine nat\u00fcrliche, leistungsstarke Creme f\u00fcr strahlenden Glanz<\/h3><p data-start=\"1151\" data-end=\"1495\">Im Gegensatz zu klassischen Pflegeprodukten, die oft auf Silikone oder Oberfl\u00e4chenpigmente setzen, ist eine <strong data-start=\"1255\" data-end=\"1299\">nat\u00fcrliche Gesichtscreme ohne Parabene<\/strong> wirkt dank pflanzlicher und maritimer Wirkstoffe bis in die Tiefe. Sie n\u00e4hrt die Epidermis, stimuliert die Zellerneuerung und f\u00f6rdert die Mikrozirkulation, f\u00fcr eine lang anhaltende, nicht k\u00fcnstliche Ausstrahlung.<\/p><hr data-start=\"1497\" data-end=\"1500\" \/><h3 data-start=\"1502\" data-end=\"1560\">Welche Art von nat\u00fcrlicher Creme sollte man f\u00fcr seine Haut w\u00e4hlen?<\/h3><ul data-start=\"1561\" data-end=\"2103\"><li data-start=\"1561\" data-end=\"1713\"><p data-start=\"1563\" data-end=\"1713\"><strong data-start=\"1563\" data-end=\"1577\">Trockene Haut<\/strong> \u2192 bevorzugen Sie eine <strong data-start=\"1596\" data-end=\"1637\">nat\u00fcrliche feuchtigkeitsspendende Creme f\u00fcr trockene Haut<\/strong> angereichert mit remineralisierenden Wirkstoffen, die den Hydrolipidfilm wiederherstellen.<\/p><\/li><li data-start=\"1714\" data-end=\"1835\"><p data-start=\"1716\" data-end=\"1835\"><strong data-start=\"1716\" data-end=\"1733\">Empfindliche Haut<\/strong> \u2192 Entscheiden Sie sich f\u00fcr eine sanfte, beruhigende und sch\u00fctzende Creme, um den Teint zu beleben, ohne die Haut zu reizen.<\/p><\/li><li data-start=\"1836\" data-end=\"1948\"><p data-start=\"1838\" data-end=\"1948\"><strong data-start=\"1838\" data-end=\"1861\">Mischhaut bis fettige Haut<\/strong> \u2192 Setzen Sie auf eine reinigende Formel, die mattiert und gleichzeitig f\u00fcr Frische und Ausstrahlung sorgt.<\/p><\/li><li data-start=\"1949\" data-end=\"2103\"><p data-start=\"1951\" data-end=\"2103\"><strong data-start=\"1951\" data-end=\"1966\">Reife Haut<\/strong> \u2192 w\u00e4hlen Sie eine regenerierende Creme wie die <strong data-start=\"2011\" data-end=\"2023\">Genialys<\/strong>, Diese Creme wirkt auf das Gesichtsoval und verleiht ihm neue Festigkeit, Gleichm\u00e4\u00dfigkeit und Leuchtkraft.<\/p><\/li><\/ul><p>Eine ausgewogene Mikrobiota tr\u00e4gt auch zu einem <a class=\"decorated-link cursor-pointer\" href=\"https:\/\/lucia-rapetti.com\/de\/mikrobiota-der-haut-cutane\/\" rel=\"noopener\" data-start=\"1267\" data-end=\"1311\">strahlender, ebenm\u00e4\u00dfiger Teint<\/a><\/p><hr data-start=\"2105\" data-end=\"2108\" \/><h3 data-start=\"2110\" data-end=\"2163\">Integrieren Sie eine Creme f\u00fcr strahlende Haut in Ihre Sch\u00f6nheitsroutine<\/h3><p data-start=\"2164\" data-end=\"2293\">Eine Creme allein reicht nicht aus. Um ihre Wirksamkeit zu maximieren, kombinieren Sie sie mit einer <strong data-start=\"2244\" data-end=\"2279\">nat\u00fcrliche Sch\u00f6nheitsroutine f\u00fcr das Gesicht<\/strong> koh\u00e4rent :<\/p><ol data-start=\"2294\" data-end=\"2482\"><li data-start=\"2294\" data-end=\"2339\"><p data-start=\"2297\" data-end=\"2339\">Reinigen Sie Ihr Gesicht mit einer milden Pflege.<\/p><\/li><li data-start=\"2340\" data-end=\"2401\"><p data-start=\"2343\" data-end=\"2401\">Tragen Sie ein gezieltes Serum auf (feuchtigkeitsspendend, Anti-Aging oder strahlend).<\/p><\/li><li data-start=\"2402\" data-end=\"2482\"><p data-start=\"2405\" data-end=\"2482\">Schlie\u00dfen Sie mit Ihrem <strong data-start=\"2424\" data-end=\"2465\">nat\u00fcrliche Gesichtscreme strahlender Teint<\/strong> morgens und abends.<\/p><\/li><\/ol><p data-start=\"2484\" data-end=\"2615\">\ud83d\udc49 Dieses Ritual hilft, das Hautbild gleichm\u00e4\u00dfiger zu machen, Pigmentflecken zu reduzieren und die nat\u00fcrliche Leuchtkraft des Gesichts wiederherzustellen.<\/p><hr data-start=\"2617\" data-end=\"2620\" \/><h3 data-start=\"2622\" data-end=\"2638\">Schlussfolgerung<\/h3><p data-start=\"2639\" data-end=\"2852\">Einen strahlenden Teint wiederzubekommen ist keine Frage des Make-ups, sondern der richtigen Pflege. Eine <strong data-start=\"2732\" data-end=\"2773\">nat\u00fcrliche Gesichtscreme strahlender Teint<\/strong> versorgt die Haut mit Feuchtigkeit, regeneriert und sch\u00fctzt sie, w\u00e4hrend sie gleichzeitig hautfreundlich ist.<\/p><p data-start=\"2854\" data-end=\"3024\">\ud83d\udca1 Entdecken Sie unseren <a href=\"https:\/\/lucia-rapetti.com\/de\/produktkategorie\/gesicht\/naturliche-gesichtscremes\/\">nat\u00fcrliche Gesichtscreme<\/a> Genialys und w\u00e4hlen Sie eine <strong data-start=\"2948\" data-end=\"2983\">nat\u00fcrliche Sch\u00f6nheitsroutine f\u00fcr das Gesicht<\/strong> komplett mit der Pflege von Lucia Rapetti.<\/p>\t\t\t\t\t\t\t\t<\/div>\n\t\t\t\t<\/div>\n\t\t\t\t\t<\/div>\n\t\t\t\t<\/div>\n\t\t\t\t<\/div>","protected":false},"excerpt":{"rendered":"<p>Teint terne, manque de vitalit\u00e9, petites irr\u00e9gularit\u00e9s\u2026 Ces signes concernent de nombreuses femmes, quel que soit leur \u00e2ge ou leur type de peau. La solution ? Une cr\u00e8me naturelle visage \u00e9clat du teint, capable de r\u00e9veiller la luminosit\u00e9 naturelle de la peau tout en la respectant. Dans cet article, d\u00e9couvrez comment choisir le soin id\u00e9al [&hellip;]<\/p>\n","protected":false},"author":1,"featured_media":4797,"comment_status":"closed","ping_status":"closed","sticky":false,"template":"","format":"standard","meta":{"_acf_changed":false,"site-sidebar-layout":"default","site-content-layout":"","ast-site-content-layout":"default","site-content-style":"default","site-sidebar-style":"default","ast-global-header-display":"","ast-banner-title-visibility":"","ast-main-header-display":"","ast-hfb-above-header-display":"","ast-hfb-below-header-display":"","ast-hfb-mobile-header-display":"","site-post-title":"","ast-breadcrumbs-content":"","ast-featured-img":"","footer-sml-layout":"","ast-disable-related-posts":"","theme-transparent-header-meta":"","adv-header-id-meta":"","stick-header-meta":"","header-above-stick-meta":"","header-main-stick-meta":"","header-below-stick-meta":"","astra-migrate-meta-layouts":"set","ast-page-background-enabled":"default","ast-page-background-meta":{"desktop":{"background-color":"var(--ast-global-color-4)","background-image":"","background-repeat":"repeat","background-position":"center center","background-size":"auto","background-attachment":"scroll","background-type":"","background-media":"","overlay-type":"","overlay-color":"","overlay-opacity":"","overlay-gradient":""},"tablet":{"background-color":"","background-image":"","background-repeat":"repeat","background-position":"center center","background-size":"auto","background-attachment":"scroll","background-type":"","background-media":"","overlay-type":"","overlay-color":"","overlay-opacity":"","overlay-gradient":""},"mobile":{"background-color":"","background-image":"","background-repeat":"repeat","background-position":"center center","background-size":"auto","background-attachment":"scroll","background-type":"","background-media":"","overlay-type":"","overlay-color":"","overlay-opacity":"","overlay-gradient":""}},"ast-content-background-meta":{"desktop":{"background-color":"var(--ast-global-color-5)","background-image":"","background-repeat":"repeat","background-position":"center center","background-size":"auto","background-attachment":"scroll","background-type":"","background-media":"","overlay-type":"","overlay-color":"","overlay-opacity":"","overlay-gradient":""},"tablet":{"background-color":"var(--ast-global-color-5)","background-image":"","background-repeat":"repeat","background-position":"center center","background-size":"auto","background-attachment":"scroll","background-type":"","background-media":"","overlay-type":"","overlay-color":"","overlay-opacity":"","overlay-gradient":""},"mobile":{"background-color":"var(--ast-global-color-5)","background-image":"","background-repeat":"repeat","background-position":"center center","background-size":"auto","background-attachment":"scroll","background-type":"","background-media":"","overlay-type":"","overlay-color":"","overlay-opacity":"","overlay-gradient":""}},"footnotes":""},"categories":[105,113],"tags":[],"class_list":["post-16873","post","type-post","status-publish","format-standard","has-post-thumbnail","hentry","category-anti-age","category-beaute-naturelle"],"acf":[],"yoast_head":"<!-- This site is optimized with the Yoast SEO plugin v27.4 - https:\/\/yoast.com\/product\/yoast-seo-wordpress\/ -->\n<title>Cr\u00e8me naturelle visage \u00e9clat du teint : comment retrouver une peau lumineuse ? - Lucia Rapetti Laboratoire Naturel<\/title>\n<meta name=\"robots\" content=\"index, follow, max-snippet:-1, max-image-preview:large, max-video-preview:-1\" \/>\n<link rel=\"canonical\" href=\"https:\/\/lucia-rapetti.com\/de\/2025\/09\/08\/naturliche-creme-gesicht-glanz-des-teint-wie-man-eine-strahlende-haut-wiederfindet\/\" \/>\n<meta property=\"og:locale\" content=\"de_DE\" \/>\n<meta property=\"og:type\" content=\"article\" \/>\n<meta property=\"og:title\" content=\"Cr\u00e8me naturelle visage \u00e9clat du teint : comment retrouver une peau lumineuse ? - Lucia Rapetti Laboratoire Naturel\" \/>\n<meta property=\"og:description\" content=\"Teint terne, manque de vitalit\u00e9, petites irr\u00e9gularit\u00e9s\u2026 Ces signes concernent de nombreuses femmes, quel que soit leur \u00e2ge ou leur type de peau. La solution ? Une cr\u00e8me naturelle visage \u00e9clat du teint, capable de r\u00e9veiller la luminosit\u00e9 naturelle de la peau tout en la respectant. Dans cet article, d\u00e9couvrez comment choisir le soin id\u00e9al [&hellip;]\" \/>\n<meta property=\"og:url\" content=\"https:\/\/lucia-rapetti.com\/de\/2025\/09\/08\/naturliche-creme-gesicht-glanz-des-teint-wie-man-eine-strahlende-haut-wiederfindet\/\" \/>\n<meta property=\"og:site_name\" content=\"Lucia Rapetti Laboratoire Naturel\" \/>\n<meta property=\"article:publisher\" content=\"https:\/\/www.facebook.com\/luciarapettiofficial\" \/>\n<meta property=\"article:published_time\" content=\"2025-09-08T12:42:27+00:00\" \/>\n<meta property=\"article:modified_time\" content=\"2025-11-03T13:44:20+00:00\" \/>\n<meta property=\"og:image\" content=\"https:\/\/lucia-rapetti.com\/wp-content\/uploads\/2024\/02\/LR-sito-soins-600x6002-1.jpg\" \/>\n\t<meta property=\"og:image:width\" content=\"600\" \/>\n\t<meta property=\"og:image:height\" content=\"600\" \/>\n\t<meta property=\"og:image:type\" content=\"image\/jpeg\" \/>\n<meta name=\"author\" content=\"comanddesign\" \/>\n<meta name=\"twitter:card\" content=\"summary_large_image\" \/>\n<meta name=\"twitter:label1\" content=\"Verfasst von\" \/>\n\t<meta name=\"twitter:data1\" content=\"comanddesign\" \/>\n\t<meta name=\"twitter:label2\" content=\"Gesch\u00e4tzte Lesezeit\" \/>\n\t<meta name=\"twitter:data2\" content=\"3\u00a0Minuten\" \/>\n<script type=\"application\/ld+json\" class=\"yoast-schema-graph\">{\"@context\":\"https:\\\/\\\/schema.org\",\"@graph\":[{\"@type\":\"Article\",\"@id\":\"https:\\\/\\\/lucia-rapetti.com\\\/2025\\\/09\\\/08\\\/creme-naturelle-visage-eclat-du-teint-comment-retrouver-une-peau-lumineuse\\\/#article\",\"isPartOf\":{\"@id\":\"https:\\\/\\\/lucia-rapetti.com\\\/2025\\\/09\\\/08\\\/creme-naturelle-visage-eclat-du-teint-comment-retrouver-une-peau-lumineuse\\\/\"},\"author\":{\"name\":\"comanddesign\",\"@id\":\"https:\\\/\\\/lucia-rapetti.com\\\/#\\\/schema\\\/person\\\/998552a7012c90388f667a7c785e867c\"},\"headline\":\"Cr\u00e8me naturelle visage \u00e9clat du teint : comment retrouver une peau lumineuse ?\",\"datePublished\":\"2025-09-08T12:42:27+00:00\",\"dateModified\":\"2025-11-03T13:44:20+00:00\",\"mainEntityOfPage\":{\"@id\":\"https:\\\/\\\/lucia-rapetti.com\\\/2025\\\/09\\\/08\\\/creme-naturelle-visage-eclat-du-teint-comment-retrouver-une-peau-lumineuse\\\/\"},\"wordCount\":435,\"publisher\":{\"@id\":\"https:\\\/\\\/lucia-rapetti.com\\\/#organization\"},\"image\":{\"@id\":\"https:\\\/\\\/lucia-rapetti.com\\\/2025\\\/09\\\/08\\\/creme-naturelle-visage-eclat-du-teint-comment-retrouver-une-peau-lumineuse\\\/#primaryimage\"},\"thumbnailUrl\":\"https:\\\/\\\/lucia-rapetti.com\\\/wp-content\\\/uploads\\\/2024\\\/02\\\/LR-sito-soins-600x6002-1.jpg\",\"articleSection\":[\"Anti-\u00e2ge\",\"Beaut\u00e9 Naturelle\"],\"inLanguage\":\"de\"},{\"@type\":\"WebPage\",\"@id\":\"https:\\\/\\\/lucia-rapetti.com\\\/2025\\\/09\\\/08\\\/creme-naturelle-visage-eclat-du-teint-comment-retrouver-une-peau-lumineuse\\\/\",\"url\":\"https:\\\/\\\/lucia-rapetti.com\\\/2025\\\/09\\\/08\\\/creme-naturelle-visage-eclat-du-teint-comment-retrouver-une-peau-lumineuse\\\/\",\"name\":\"Cr\u00e8me naturelle visage \u00e9clat du teint : comment retrouver une peau lumineuse ? - Lucia Rapetti Laboratoire Naturel\",\"isPartOf\":{\"@id\":\"https:\\\/\\\/lucia-rapetti.com\\\/#website\"},\"primaryImageOfPage\":{\"@id\":\"https:\\\/\\\/lucia-rapetti.com\\\/2025\\\/09\\\/08\\\/creme-naturelle-visage-eclat-du-teint-comment-retrouver-une-peau-lumineuse\\\/#primaryimage\"},\"image\":{\"@id\":\"https:\\\/\\\/lucia-rapetti.com\\\/2025\\\/09\\\/08\\\/creme-naturelle-visage-eclat-du-teint-comment-retrouver-une-peau-lumineuse\\\/#primaryimage\"},\"thumbnailUrl\":\"https:\\\/\\\/lucia-rapetti.com\\\/wp-content\\\/uploads\\\/2024\\\/02\\\/LR-sito-soins-600x6002-1.jpg\",\"datePublished\":\"2025-09-08T12:42:27+00:00\",\"dateModified\":\"2025-11-03T13:44:20+00:00\",\"breadcrumb\":{\"@id\":\"https:\\\/\\\/lucia-rapetti.com\\\/2025\\\/09\\\/08\\\/creme-naturelle-visage-eclat-du-teint-comment-retrouver-une-peau-lumineuse\\\/#breadcrumb\"},\"inLanguage\":\"de\",\"potentialAction\":[{\"@type\":\"ReadAction\",\"target\":[\"https:\\\/\\\/lucia-rapetti.com\\\/2025\\\/09\\\/08\\\/creme-naturelle-visage-eclat-du-teint-comment-retrouver-une-peau-lumineuse\\\/\"]}]},{\"@type\":\"ImageObject\",\"inLanguage\":\"de\",\"@id\":\"https:\\\/\\\/lucia-rapetti.com\\\/2025\\\/09\\\/08\\\/creme-naturelle-visage-eclat-du-teint-comment-retrouver-une-peau-lumineuse\\\/#primaryimage\",\"url\":\"https:\\\/\\\/lucia-rapetti.com\\\/wp-content\\\/uploads\\\/2024\\\/02\\\/LR-sito-soins-600x6002-1.jpg\",\"contentUrl\":\"https:\\\/\\\/lucia-rapetti.com\\\/wp-content\\\/uploads\\\/2024\\\/02\\\/LR-sito-soins-600x6002-1.jpg\",\"width\":600,\"height\":600,\"caption\":\"Cr\u00e8me naturelle visage \u00e9clat du teint : comment retrouver une peau lumineuse ?\"},{\"@type\":\"BreadcrumbList\",\"@id\":\"https:\\\/\\\/lucia-rapetti.com\\\/2025\\\/09\\\/08\\\/creme-naturelle-visage-eclat-du-teint-comment-retrouver-une-peau-lumineuse\\\/#breadcrumb\",\"itemListElement\":[{\"@type\":\"ListItem\",\"position\":1,\"name\":\"Lucia Rapetti\",\"item\":\"https:\\\/\\\/lucia-rapetti.com\\\/\"},{\"@type\":\"ListItem\",\"position\":2,\"name\":\"Anti-\u00e2ge\",\"item\":\"https:\\\/\\\/lucia-rapetti.com\\\/category\\\/anti-age\\\/\"},{\"@type\":\"ListItem\",\"position\":3,\"name\":\"Cr\u00e8me naturelle visage \u00e9clat du teint : comment retrouver une peau lumineuse ?\"}]},{\"@type\":\"WebSite\",\"@id\":\"https:\\\/\\\/lucia-rapetti.com\\\/#website\",\"url\":\"https:\\\/\\\/lucia-rapetti.com\\\/\",\"name\":\"Lucia Rapetti Laboratoire Naturel\",\"description\":\"Laboratoire de cosm\u00e9tique naturel et beaut\u00e9\",\"publisher\":{\"@id\":\"https:\\\/\\\/lucia-rapetti.com\\\/#organization\"},\"potentialAction\":[{\"@type\":\"SearchAction\",\"target\":{\"@type\":\"EntryPoint\",\"urlTemplate\":\"https:\\\/\\\/lucia-rapetti.com\\\/?s={search_term_string}\"},\"query-input\":{\"@type\":\"PropertyValueSpecification\",\"valueRequired\":true,\"valueName\":\"search_term_string\"}}],\"inLanguage\":\"de\"},{\"@type\":\"Organization\",\"@id\":\"https:\\\/\\\/lucia-rapetti.com\\\/#organization\",\"name\":\"Lucia Rapetti Laboratoire Naturel\",\"alternateName\":\"LR\",\"url\":\"https:\\\/\\\/lucia-rapetti.com\\\/\",\"logo\":{\"@type\":\"ImageObject\",\"inLanguage\":\"de\",\"@id\":\"https:\\\/\\\/lucia-rapetti.com\\\/#\\\/schema\\\/logo\\\/image\\\/\",\"url\":\"https:\\\/\\\/lucia-rapetti.com\\\/wp-content\\\/uploads\\\/2023\\\/04\\\/cropped-lucia-rapetti-logo-1.png\",\"contentUrl\":\"https:\\\/\\\/lucia-rapetti.com\\\/wp-content\\\/uploads\\\/2023\\\/04\\\/cropped-lucia-rapetti-logo-1.png\",\"width\":850,\"height\":142,\"caption\":\"Lucia Rapetti Laboratoire Naturel\"},\"image\":{\"@id\":\"https:\\\/\\\/lucia-rapetti.com\\\/#\\\/schema\\\/logo\\\/image\\\/\"},\"sameAs\":[\"https:\\\/\\\/www.facebook.com\\\/luciarapettiofficial\",\"https:\\\/\\\/www.instagram.com\\\/luciarapettiofficial\\\/\"]},{\"@type\":\"Person\",\"@id\":\"https:\\\/\\\/lucia-rapetti.com\\\/#\\\/schema\\\/person\\\/998552a7012c90388f667a7c785e867c\",\"name\":\"comanddesign\",\"image\":{\"@type\":\"ImageObject\",\"inLanguage\":\"de\",\"@id\":\"https:\\\/\\\/secure.gravatar.com\\\/avatar\\\/27c210af2472b79045a22c67a02dc2e84d697a703065450f2ac9a83e96d5036c?s=96&d=mm&r=g\",\"url\":\"https:\\\/\\\/secure.gravatar.com\\\/avatar\\\/27c210af2472b79045a22c67a02dc2e84d697a703065450f2ac9a83e96d5036c?s=96&d=mm&r=g\",\"contentUrl\":\"https:\\\/\\\/secure.gravatar.com\\\/avatar\\\/27c210af2472b79045a22c67a02dc2e84d697a703065450f2ac9a83e96d5036c?s=96&d=mm&r=g\",\"caption\":\"comanddesign\"},\"sameAs\":[\"https:\\\/\\\/client.comanddesign.com\"],\"url\":\"https:\\\/\\\/lucia-rapetti.com\\\/de\\\/author\\\/comanddesign\\\/\"}]}<\/script>\n<!-- \/ Yoast SEO plugin. -->","yoast_head_json":{"title":"Nat\u00fcrliche Gesichtscreme Ausstrahlung des Teints: Wie kann ich meine Haut wieder zum Strahlen bringen? - Lucia Rapetti Natural Laboratory","robots":{"index":"index","follow":"follow","max-snippet":"max-snippet:-1","max-image-preview":"max-image-preview:large","max-video-preview":"max-video-preview:-1"},"canonical":"https:\/\/lucia-rapetti.com\/de\/2025\/09\/08\/naturliche-creme-gesicht-glanz-des-teint-wie-man-eine-strahlende-haut-wiederfindet\/","og_locale":"de_DE","og_type":"article","og_title":"Cr\u00e8me naturelle visage \u00e9clat du teint : comment retrouver une peau lumineuse ? - Lucia Rapetti Laboratoire Naturel","og_description":"Teint terne, manque de vitalit\u00e9, petites irr\u00e9gularit\u00e9s\u2026 Ces signes concernent de nombreuses femmes, quel que soit leur \u00e2ge ou leur type de peau. La solution ? Une cr\u00e8me naturelle visage \u00e9clat du teint, capable de r\u00e9veiller la luminosit\u00e9 naturelle de la peau tout en la respectant. Dans cet article, d\u00e9couvrez comment choisir le soin id\u00e9al [&hellip;]","og_url":"https:\/\/lucia-rapetti.com\/de\/2025\/09\/08\/naturliche-creme-gesicht-glanz-des-teint-wie-man-eine-strahlende-haut-wiederfindet\/","og_site_name":"Lucia Rapetti Laboratoire Naturel","article_publisher":"https:\/\/www.facebook.com\/luciarapettiofficial","article_published_time":"2025-09-08T12:42:27+00:00","article_modified_time":"2025-11-03T13:44:20+00:00","og_image":[{"width":600,"height":600,"url":"https:\/\/lucia-rapetti.com\/wp-content\/uploads\/2024\/02\/LR-sito-soins-600x6002-1.jpg","type":"image\/jpeg"}],"author":"comanddesign","twitter_card":"summary_large_image","twitter_misc":{"Verfasst von":"comanddesign","Gesch\u00e4tzte Lesezeit":"3\u00a0Minuten"},"schema":{"@context":"https:\/\/schema.org","@graph":[{"@type":"Article","@id":"https:\/\/lucia-rapetti.com\/2025\/09\/08\/creme-naturelle-visage-eclat-du-teint-comment-retrouver-une-peau-lumineuse\/#article","isPartOf":{"@id":"https:\/\/lucia-rapetti.com\/2025\/09\/08\/creme-naturelle-visage-eclat-du-teint-comment-retrouver-une-peau-lumineuse\/"},"author":{"name":"comanddesign","@id":"https:\/\/lucia-rapetti.com\/#\/schema\/person\/998552a7012c90388f667a7c785e867c"},"headline":"Cr\u00e8me naturelle visage \u00e9clat du teint : comment retrouver une peau lumineuse ?","datePublished":"2025-09-08T12:42:27+00:00","dateModified":"2025-11-03T13:44:20+00:00","mainEntityOfPage":{"@id":"https:\/\/lucia-rapetti.com\/2025\/09\/08\/creme-naturelle-visage-eclat-du-teint-comment-retrouver-une-peau-lumineuse\/"},"wordCount":435,"publisher":{"@id":"https:\/\/lucia-rapetti.com\/#organization"},"image":{"@id":"https:\/\/lucia-rapetti.com\/2025\/09\/08\/creme-naturelle-visage-eclat-du-teint-comment-retrouver-une-peau-lumineuse\/#primaryimage"},"thumbnailUrl":"https:\/\/lucia-rapetti.com\/wp-content\/uploads\/2024\/02\/LR-sito-soins-600x6002-1.jpg","articleSection":["Anti-\u00e2ge","Beaut\u00e9 Naturelle"],"inLanguage":"de"},{"@type":"WebPage","@id":"https:\/\/lucia-rapetti.com\/2025\/09\/08\/creme-naturelle-visage-eclat-du-teint-comment-retrouver-une-peau-lumineuse\/","url":"https:\/\/lucia-rapetti.com\/2025\/09\/08\/creme-naturelle-visage-eclat-du-teint-comment-retrouver-une-peau-lumineuse\/","name":"Nat\u00fcrliche Gesichtscreme Ausstrahlung des Teints: Wie kann ich meine Haut wieder zum Strahlen bringen? - Lucia Rapetti Natural Laboratory","isPartOf":{"@id":"https:\/\/lucia-rapetti.com\/#website"},"primaryImageOfPage":{"@id":"https:\/\/lucia-rapetti.com\/2025\/09\/08\/creme-naturelle-visage-eclat-du-teint-comment-retrouver-une-peau-lumineuse\/#primaryimage"},"image":{"@id":"https:\/\/lucia-rapetti.com\/2025\/09\/08\/creme-naturelle-visage-eclat-du-teint-comment-retrouver-une-peau-lumineuse\/#primaryimage"},"thumbnailUrl":"https:\/\/lucia-rapetti.com\/wp-content\/uploads\/2024\/02\/LR-sito-soins-600x6002-1.jpg","datePublished":"2025-09-08T12:42:27+00:00","dateModified":"2025-11-03T13:44:20+00:00","breadcrumb":{"@id":"https:\/\/lucia-rapetti.com\/2025\/09\/08\/creme-naturelle-visage-eclat-du-teint-comment-retrouver-une-peau-lumineuse\/#breadcrumb"},"inLanguage":"de","potentialAction":[{"@type":"ReadAction","target":["https:\/\/lucia-rapetti.com\/2025\/09\/08\/creme-naturelle-visage-eclat-du-teint-comment-retrouver-une-peau-lumineuse\/"]}]},{"@type":"ImageObject","inLanguage":"de","@id":"https:\/\/lucia-rapetti.com\/2025\/09\/08\/creme-naturelle-visage-eclat-du-teint-comment-retrouver-une-peau-lumineuse\/#primaryimage","url":"https:\/\/lucia-rapetti.com\/wp-content\/uploads\/2024\/02\/LR-sito-soins-600x6002-1.jpg","contentUrl":"https:\/\/lucia-rapetti.com\/wp-content\/uploads\/2024\/02\/LR-sito-soins-600x6002-1.jpg","width":600,"height":600,"caption":"Cr\u00e8me naturelle visage \u00e9clat du teint : comment retrouver une peau lumineuse ?"},{"@type":"BreadcrumbList","@id":"https:\/\/lucia-rapetti.com\/2025\/09\/08\/creme-naturelle-visage-eclat-du-teint-comment-retrouver-une-peau-lumineuse\/#breadcrumb","itemListElement":[{"@type":"ListItem","position":1,"name":"Lucia Rapetti","item":"https:\/\/lucia-rapetti.com\/"},{"@type":"ListItem","position":2,"name":"Anti-\u00e2ge","item":"https:\/\/lucia-rapetti.com\/category\/anti-age\/"},{"@type":"ListItem","position":3,"name":"Cr\u00e8me naturelle visage \u00e9clat du teint : comment retrouver une peau lumineuse ?"}]},{"@type":"WebSite","@id":"https:\/\/lucia-rapetti.com\/#website","url":"https:\/\/lucia-rapetti.com\/","name":"Lucia Rapetti Natural Laboratory","description":"Labor f\u00fcr Natur- und Sch\u00f6nheitskosmetik","publisher":{"@id":"https:\/\/lucia-rapetti.com\/#organization"},"potentialAction":[{"@type":"SearchAction","target":{"@type":"EntryPoint","urlTemplate":"https:\/\/lucia-rapetti.com\/?s={search_term_string}"},"query-input":{"@type":"PropertyValueSpecification","valueRequired":true,"valueName":"search_term_string"}}],"inLanguage":"de"},{"@type":"Organization","@id":"https:\/\/lucia-rapetti.com\/#organization","name":"Lucia Rapetti Natural Laboratory","alternateName":"LR","url":"https:\/\/lucia-rapetti.com\/","logo":{"@type":"ImageObject","inLanguage":"de","@id":"https:\/\/lucia-rapetti.com\/#\/schema\/logo\/image\/","url":"https:\/\/lucia-rapetti.com\/wp-content\/uploads\/2023\/04\/cropped-lucia-rapetti-logo-1.png","contentUrl":"https:\/\/lucia-rapetti.com\/wp-content\/uploads\/2023\/04\/cropped-lucia-rapetti-logo-1.png","width":850,"height":142,"caption":"Lucia Rapetti Laboratoire Naturel"},"image":{"@id":"https:\/\/lucia-rapetti.com\/#\/schema\/logo\/image\/"},"sameAs":["https:\/\/www.facebook.com\/luciarapettiofficial","https:\/\/www.instagram.com\/luciarapettiofficial\/"]},{"@type":"Person","@id":"https:\/\/lucia-rapetti.com\/#\/schema\/person\/998552a7012c90388f667a7c785e867c","name":"comanddesign","image":{"@type":"ImageObject","inLanguage":"de","@id":"https:\/\/secure.gravatar.com\/avatar\/27c210af2472b79045a22c67a02dc2e84d697a703065450f2ac9a83e96d5036c?s=96&d=mm&r=g","url":"https:\/\/secure.gravatar.com\/avatar\/27c210af2472b79045a22c67a02dc2e84d697a703065450f2ac9a83e96d5036c?s=96&d=mm&r=g","contentUrl":"https:\/\/secure.gravatar.com\/avatar\/27c210af2472b79045a22c67a02dc2e84d697a703065450f2ac9a83e96d5036c?s=96&d=mm&r=g","caption":"comanddesign"},"sameAs":["https:\/\/client.comanddesign.com"],"url":"https:\/\/lucia-rapetti.com\/de\/author\/comanddesign\/"}]}},"_links":{"self":[{"href":"https:\/\/lucia-rapetti.com\/de\/wp-json\/wp\/v2\/posts\/16873","targetHints":{"allow":["GET"]}}],"collection":[{"href":"https:\/\/lucia-rapetti.com\/de\/wp-json\/wp\/v2\/posts"}],"about":[{"href":"https:\/\/lucia-rapetti.com\/de\/wp-json\/wp\/v2\/types\/post"}],"author":[{"embeddable":true,"href":"https:\/\/lucia-rapetti.com\/de\/wp-json\/wp\/v2\/users\/1"}],"replies":[{"embeddable":true,"href":"https:\/\/lucia-rapetti.com\/de\/wp-json\/wp\/v2\/comments?post=16873"}],"version-history":[{"count":0,"href":"https:\/\/lucia-rapetti.com\/de\/wp-json\/wp\/v2\/posts\/16873\/revisions"}],"wp:featuredmedia":[{"embeddable":true,"href":"https:\/\/lucia-rapetti.com\/de\/wp-json\/wp\/v2\/media\/4797"}],"wp:attachment":[{"href":"https:\/\/lucia-rapetti.com\/de\/wp-json\/wp\/v2\/media?parent=16873"}],"wp:term":[{"taxonomy":"category","embeddable":true,"href":"https:\/\/lucia-rapetti.com\/de\/wp-json\/wp\/v2\/categories?post=16873"},{"taxonomy":"post_tag","embeddable":true,"href":"https:\/\/lucia-rapetti.com\/de\/wp-json\/wp\/v2\/tags?post=16873"}],"curies":[{"name":"wp","href":"https:\/\/api.w.org\/{rel}","templated":true}]}}