{"id":16311,"date":"2025-04-14T12:34:01","date_gmt":"2025-04-14T10:34:01","guid":{"rendered":"https:\/\/lucia-rapetti.com\/?p=16311"},"modified":"2025-11-03T14:45:55","modified_gmt":"2025-11-03T13:45:55","slug":"wie-man-seine-kutane-mikrobiota-im-alltag-starken-kann","status":"publish","type":"post","link":"https:\/\/lucia-rapetti.com\/de\/2025\/04\/14\/wie-man-seine-kutane-mikrobiota-im-alltag-starken-kann\/","title":{"rendered":"Wie kann man seine Hautmikrobiota im Alltag st\u00e4rken?"},"content":{"rendered":"<div data-elementor-type=\"wp-post\" data-elementor-id=\"16311\" class=\"elementor elementor-16311\" data-elementor-post-type=\"post\">\n\t\t\t\t<div class=\"elementor-element elementor-element-3581eaa2 e-flex e-con-boxed e-con e-parent\" data-id=\"3581eaa2\" data-element_type=\"container\" data-e-type=\"container\">\n\t\t\t\t\t<div class=\"e-con-inner\">\n\t\t\t\t<div class=\"elementor-element elementor-element-371bdf80 elementor-widget elementor-widget-text-editor\" data-id=\"371bdf80\" data-element_type=\"widget\" data-e-type=\"widget\" data-widget_type=\"text-editor.default\">\n\t\t\t\t<div class=\"elementor-widget-container\">\n\t\t\t\t\t\t\t\t\t\n<p class=\"translation-block\" data-start=\"271\" data-end=\"546\"><strong data-start=\"271\" data-end=\"295\">Die Hautmikrobiota<\/strong> ist ein unsichtbarer, aber wesentlicher Verb\u00fcndeter bei der Erhaltung einer gesunden und strahlenden Haut. Dieses wertvolle \u00d6kosystem aus Milliarden von Mikroorganismen lebt auf der Oberfl\u00e4che Ihrer Haut und spielt eine Schl\u00fcsselrolle beim Schutz vor \u00e4u\u00dferen Einfl\u00fcssen.<\/p>\n<p class=\"\" data-start=\"548\" data-end=\"628\">Aber wie pflegt man dieses empfindliche Gleichgewicht? Hier sind unsere Expertenratschl\u00e4ge.<\/p>\n<hr class=\"\" data-start=\"630\" data-end=\"633\" \/>\n<h2 class=\"\" data-start=\"635\" data-end=\"677\">\ud83c\udf31 Was ist die Hautmikrobiota?<\/h2>\n<p class=\"\" data-start=\"679\" data-end=\"907\">Die<a href=\"https:\/\/lucia-rapetti.com\/de\/mikrobiota-der-haut-cutane\/\"> Hautmikrobiota<\/a> ist eine nat\u00fcrliche Gemeinschaft von Bakterien, Hefepilzen und Viren, die die Hautoberfl\u00e4che besiedeln. Ihre Vielfalt und ihr Gleichgewicht sorgen f\u00fcr eine widerstandsf\u00e4hige Haut, die gut mit Feuchtigkeit versorgt und vor Irritationen gesch\u00fctzt ist.<\/p>\n<p class=\"\" data-start=\"909\" data-end=\"1012\">Ein Ungleichgewicht der Mikrobiota kann zu R\u00f6tungen, Trockenheit, Entz\u00fcndungen oder Unreinheiten f\u00fchren.<\/p>\n<hr class=\"\" data-start=\"1014\" data-end=\"1017\" \/>\n<h2 class=\"\" data-start=\"1019\" data-end=\"1057\">\ud83d\udca7 1. Reinigen Sie Ihre Haut sanft<\/h2>\n<p class=\"translation-block\" data-start=\"1059\" data-end=\"1314\">Die Verwendung aggressiver Reinigungsmittel zerst\u00f6rt nicht nur Unreinheiten, sondern auch sch\u00fctzende Mikroorganismen.<br data-start=\"1177\" data-end=\"1180\">Privilegieren Sie sulfat- und alkoholfreie Reinigungsprodukte, die mit Pr\u00e4biotika angereichert sind, um den nat\u00fcrlichen Hydrolipidfilm zu respektieren.<\/p>\n<hr class=\"\" data-start=\"1316\" data-end=\"1319\" \/>\n<h2 class=\"\" data-start=\"1321\" data-end=\"1373\">\ud83c\udf43 2. Mit gezielter Pflege Feuchtigkeit spenden und n\u00e4hren<\/h2>\n<p class=\"\" data-start=\"1375\" data-end=\"1601\">Cremes, die reich an Pr\u00e4biotika und Probiotika sind, sind eine hervorragende L\u00f6sung, um die Hautmikrobiota zu st\u00e4rken und zu n\u00e4hren. Diese Wirkstoffe helfen, das nat\u00fcrliche Gleichgewicht wiederherzustellen und st\u00e4rken die Schutzbarriere der Haut.<\/p>\n<hr class=\"\" data-start=\"1603\" data-end=\"1606\" \/>\n<h2 class=\"\" data-start=\"1608\" data-end=\"1657\">\u2600\ufe0f 3. Sich vor \u00e4u\u00dferen Einfl\u00fcssen sch\u00fctzen<\/h2>\n<p class=\"translation-block\" data-start=\"1659\" data-end=\"1886\">Sonne, Umweltverschmutzung, Wind und extreme Temperaturen sind Stressfaktoren f\u00fcr die Mikrobiota.<br data-start=\"1768\" data-end=\"1771\">Die Verwendung eines geeigneten Sonnenschutzes und von Pflegeprodukten gegen Umweltverschmutzung hilft, das mikrobielle Ungleichgewicht zu begrenzen.<\/p>\n<hr class=\"\" data-start=\"1888\" data-end=\"1891\" \/>\n<h2 class=\"\" data-start=\"1893\" data-end=\"1943\">\ud83e\udd57 4. Eine hautfreundliche Ern\u00e4hrung<\/h2>\n<p class=\"translation-block\" data-start=\"1945\" data-end=\"2159\">Eine ausgeglichene Haut kommt auch \u00fcber den Teller!<br data-start=\"1993\" data-end=\"1996\">F\u00f6rdern Sie eine Ern\u00e4hrung, die reich an Ballaststoffen, Obst, Gem\u00fcse, Omega-3-Fetts\u00e4uren und fermentierten Lebensmitteln (Kefir, Joghurt, Kombucha) ist, die die Mikrobiota von innen heraus ern\u00e4hren.<\/p>\n<hr class=\"\" data-start=\"2161\" data-end=\"2164\" \/>\n<h2 class=\"\" data-start=\"2166\" data-end=\"2215\">\ud83d\udca1 5. Eine minimalistische Sch\u00f6nheitsroutine anwenden<\/h2>\n<p class=\"translation-block\" data-start=\"2217\" data-end=\"2291\">Zu viele Produkte = zu viele Aggressionen.<br data-start=\"2254\" data-end=\"2257\">Privilegieren Sie eine einfache Routine :<\/p>\n<ul data-start=\"2292\" data-end=\"2387\">\n<li class=\"\" data-start=\"2292\" data-end=\"2310\">\n<p class=\"\" data-start=\"2294\" data-end=\"2310\">Milder Reiniger<\/p>\n<\/li>\n<li class=\"\" data-start=\"2311\" data-end=\"2356\">\n<p class=\"\" data-start=\"2313\" data-end=\"2356\">Mit Pr\u00e4-\/Probiotika angereichertes Serum oder Pflegeprodukt<\/p>\n<\/li>\n<li class=\"\" data-start=\"2357\" data-end=\"2387\">\n<p class=\"\" data-start=\"2359\" data-end=\"2387\">Sch\u00fctzende Feuchtigkeitscreme<\/p>\n<\/li>\n<\/ul>\n<hr class=\"\" data-start=\"2389\" data-end=\"2392\" \/>\n<h2 class=\"\" data-start=\"2394\" data-end=\"2475\">\ud83d\udc69\u200d\ud83d\udd2c Die Pflege von Lucia Rapetti: Expertise im Dienste Ihrer Mikrobiota<\/h2>\n<p class=\"\" data-start=\"2477\" data-end=\"2718\">Bei Lucia Rapetti st\u00fctzt sich die Kosmetikforschung auf den Respekt vor der Mikrobiota der Haut. Unsere Formeln sind so konzipiert, dass sie die Haut st\u00e4rken, sie sch\u00fctzen und ihr nat\u00fcrliches Gleichgewicht erhalten, w\u00e4hrend sie gleichzeitig die Sch\u00f6nheit und Jugendlichkeit des Teints bewahren.<\/p>\n<hr class=\"\" data-start=\"2720\" data-end=\"2723\" \/>\n<p class=\"translation-block\" data-start=\"2725\" data-end=\"2973\">\u2705 <strong data-start=\"2727\" data-end=\"2743\">Fazit:<\/strong><br data-start=\"2743\" data-end=\"2746\">Die Pflege der Hautmikrobiota bedeutet, langfristig in die Gesundheit und Sch\u00f6nheit Ihrer Haut zu investieren. Mit einfachen Handgriffen und der richtigen Pflege bieten Sie Ihrer Haut ein optimales Umfeld, um nat\u00fcrlich zu strahlen.<\/p>\n<p data-start=\"2725\" data-end=\"2973\" class=\"translation-block\">\ud83d\udc49 <strong data-start=\"2983\" data-end=\"3011\">Lust auf mehr?<\/strong><br data-start=\"3011\" data-end=\"3014\">Entdecken Sie unsere mikrobiota-freundliche Pflege auf der Seite:<br data-start=\"3073\" data-end=\"3076\"><a class=\"\" href=\"https:\/\/lucia-rapetti.com\/de\/microbiota-haut-equilibre-soin\/\" target=\"_new\" rel=\"noopener\" data-start=\"3076\" data-end=\"3165\">Mikrobiota der Haut - Lucia Rapetti<\/a>.<\/p>\n\t\t\t\t\t\t\t\t<\/div>\n\t\t\t\t<\/div>\n\t\t\t\t\t<\/div>\n\t\t\t\t<\/div>\n\t\t\t\t<\/div>","protected":false},"excerpt":{"rendered":"<p>Le microbiote cutan\u00e9 est un alli\u00e9 invisible mais essentiel pour pr\u00e9server une peau saine et \u00e9clatante. Ce pr\u00e9cieux \u00e9cosyst\u00e8me compos\u00e9 de milliards de micro-organismes vit \u00e0 la surface de votre peau et joue un r\u00f4le cl\u00e9 dans la protection contre les agressions ext\u00e9rieures. Mais comment prendre soin de cet \u00e9quilibre fragile\u202f? Voici nos conseils experts. [&hellip;]<\/p>\n","protected":false},"author":1,"featured_media":15950,"comment_status":"closed","ping_status":"closed","sticky":false,"template":"","format":"standard","meta":{"_acf_changed":false,"site-sidebar-layout":"default","site-content-layout":"","ast-site-content-layout":"default","site-content-style":"default","site-sidebar-style":"default","ast-global-header-display":"","ast-banner-title-visibility":"","ast-main-header-display":"","ast-hfb-above-header-display":"","ast-hfb-below-header-display":"","ast-hfb-mobile-header-display":"","site-post-title":"","ast-breadcrumbs-content":"","ast-featured-img":"","footer-sml-layout":"","ast-disable-related-posts":"","theme-transparent-header-meta":"","adv-header-id-meta":"","stick-header-meta":"","header-above-stick-meta":"","header-main-stick-meta":"","header-below-stick-meta":"","astra-migrate-meta-layouts":"set","ast-page-background-enabled":"default","ast-page-background-meta":{"desktop":{"background-color":"var(--ast-global-color-4)","background-image":"","background-repeat":"repeat","background-position":"center center","background-size":"auto","background-attachment":"scroll","background-type":"","background-media":"","overlay-type":"","overlay-color":"","overlay-opacity":"","overlay-gradient":""},"tablet":{"background-color":"","background-image":"","background-repeat":"repeat","background-position":"center center","background-size":"auto","background-attachment":"scroll","background-type":"","background-media":"","overlay-type":"","overlay-color":"","overlay-opacity":"","overlay-gradient":""},"mobile":{"background-color":"","background-image":"","background-repeat":"repeat","background-position":"center center","background-size":"auto","background-attachment":"scroll","background-type":"","background-media":"","overlay-type":"","overlay-color":"","overlay-opacity":"","overlay-gradient":""}},"ast-content-background-meta":{"desktop":{"background-color":"var(--ast-global-color-5)","background-image":"","background-repeat":"repeat","background-position":"center center","background-size":"auto","background-attachment":"scroll","background-type":"","background-media":"","overlay-type":"","overlay-color":"","overlay-opacity":"","overlay-gradient":""},"tablet":{"background-color":"var(--ast-global-color-5)","background-image":"","background-repeat":"repeat","background-position":"center center","background-size":"auto","background-attachment":"scroll","background-type":"","background-media":"","overlay-type":"","overlay-color":"","overlay-opacity":"","overlay-gradient":""},"mobile":{"background-color":"var(--ast-global-color-5)","background-image":"","background-repeat":"repeat","background-position":"center center","background-size":"auto","background-attachment":"scroll","background-type":"","background-media":"","overlay-type":"","overlay-color":"","overlay-opacity":"","overlay-gradient":""}},"footnotes":""},"categories":[1,100],"tags":[101,103,102],"class_list":["post-16311","post","type-post","status-publish","format-standard","has-post-thumbnail","hentry","category-non-classe","category-produits","tag-clean-beauty","tag-gammes","tag-produits"],"acf":[],"yoast_head":"<!-- This site is optimized with the Yoast SEO plugin v27.5 - https:\/\/yoast.com\/product\/yoast-seo-wordpress\/ -->\n<title>Comment renforcer son microbiote cutan\u00e9 au quotidien ?<\/title>\n<meta name=\"description\" content=\"Le microbiote cutan\u00e9 est un alli\u00e9 invisible mais essentiel pour pr\u00e9server une peau saine et \u00e9clatante. Mais comment prendre soin de cet \u00e9quilibre fragile\u202f?\" \/>\n<meta name=\"robots\" content=\"index, follow, max-snippet:-1, max-image-preview:large, max-video-preview:-1\" \/>\n<link rel=\"canonical\" href=\"https:\/\/lucia-rapetti.com\/de\/2025\/04\/14\/wie-man-seine-kutane-mikrobiota-im-alltag-starken-kann\/\" \/>\n<meta property=\"og:locale\" content=\"de_DE\" \/>\n<meta property=\"og:type\" content=\"article\" \/>\n<meta property=\"og:title\" content=\"Comment renforcer son microbiote cutan\u00e9 au quotidien ?\" \/>\n<meta property=\"og:description\" content=\"Le microbiote cutan\u00e9 est un alli\u00e9 invisible mais essentiel pour pr\u00e9server une peau saine et \u00e9clatante. Mais comment prendre soin de cet \u00e9quilibre fragile\u202f?\" \/>\n<meta property=\"og:url\" content=\"https:\/\/lucia-rapetti.com\/de\/2025\/04\/14\/wie-man-seine-kutane-mikrobiota-im-alltag-starken-kann\/\" \/>\n<meta property=\"og:site_name\" content=\"Lucia Rapetti Laboratoire Naturel\" \/>\n<meta property=\"article:publisher\" content=\"https:\/\/www.facebook.com\/luciarapettiofficial\" \/>\n<meta property=\"article:published_time\" content=\"2025-04-14T10:34:01+00:00\" \/>\n<meta property=\"article:modified_time\" content=\"2025-11-03T13:45:55+00:00\" \/>\n<meta property=\"og:image\" content=\"https:\/\/lucia-rapetti.com\/wp-content\/uploads\/2024\/11\/microbiote-peau-la-de.jpg\" \/>\n\t<meta property=\"og:image:width\" content=\"2121\" \/>\n\t<meta property=\"og:image:height\" content=\"1414\" \/>\n\t<meta property=\"og:image:type\" content=\"image\/jpeg\" \/>\n<meta name=\"author\" content=\"comanddesign\" \/>\n<meta name=\"twitter:card\" content=\"summary_large_image\" \/>\n<meta name=\"twitter:label1\" content=\"Verfasst von\" \/>\n\t<meta name=\"twitter:data1\" content=\"comanddesign\" \/>\n\t<meta name=\"twitter:label2\" content=\"Gesch\u00e4tzte Lesezeit\" \/>\n\t<meta name=\"twitter:data2\" content=\"3\u00a0Minuten\" \/>\n<script type=\"application\/ld+json\" class=\"yoast-schema-graph\">{\"@context\":\"https:\\\/\\\/schema.org\",\"@graph\":[{\"@type\":\"Article\",\"@id\":\"https:\\\/\\\/lucia-rapetti.com\\\/2025\\\/04\\\/14\\\/comment-renforcer-son-microbiote-cutane-au-quotidien\\\/#article\",\"isPartOf\":{\"@id\":\"https:\\\/\\\/lucia-rapetti.com\\\/2025\\\/04\\\/14\\\/comment-renforcer-son-microbiote-cutane-au-quotidien\\\/\"},\"author\":{\"name\":\"comanddesign\",\"@id\":\"https:\\\/\\\/lucia-rapetti.com\\\/#\\\/schema\\\/person\\\/998552a7012c90388f667a7c785e867c\"},\"headline\":\"Comment renforcer son microbiote cutan\u00e9 au quotidien ?\",\"datePublished\":\"2025-04-14T10:34:01+00:00\",\"dateModified\":\"2025-11-03T13:45:55+00:00\",\"mainEntityOfPage\":{\"@id\":\"https:\\\/\\\/lucia-rapetti.com\\\/2025\\\/04\\\/14\\\/comment-renforcer-son-microbiote-cutane-au-quotidien\\\/\"},\"wordCount\":448,\"publisher\":{\"@id\":\"https:\\\/\\\/lucia-rapetti.com\\\/#organization\"},\"image\":{\"@id\":\"https:\\\/\\\/lucia-rapetti.com\\\/2025\\\/04\\\/14\\\/comment-renforcer-son-microbiote-cutane-au-quotidien\\\/#primaryimage\"},\"thumbnailUrl\":\"https:\\\/\\\/lucia-rapetti.com\\\/wp-content\\\/uploads\\\/2024\\\/11\\\/microbiote-peau-la-de.jpg\",\"keywords\":[\"Clean Beauty\",\"Gammes\",\"Produits\"],\"articleSection\":[\"Non class\u00e9\",\"Produits\"],\"inLanguage\":\"de\"},{\"@type\":\"WebPage\",\"@id\":\"https:\\\/\\\/lucia-rapetti.com\\\/2025\\\/04\\\/14\\\/comment-renforcer-son-microbiote-cutane-au-quotidien\\\/\",\"url\":\"https:\\\/\\\/lucia-rapetti.com\\\/2025\\\/04\\\/14\\\/comment-renforcer-son-microbiote-cutane-au-quotidien\\\/\",\"name\":\"Comment renforcer son microbiote cutan\u00e9 au quotidien ?\",\"isPartOf\":{\"@id\":\"https:\\\/\\\/lucia-rapetti.com\\\/#website\"},\"primaryImageOfPage\":{\"@id\":\"https:\\\/\\\/lucia-rapetti.com\\\/2025\\\/04\\\/14\\\/comment-renforcer-son-microbiote-cutane-au-quotidien\\\/#primaryimage\"},\"image\":{\"@id\":\"https:\\\/\\\/lucia-rapetti.com\\\/2025\\\/04\\\/14\\\/comment-renforcer-son-microbiote-cutane-au-quotidien\\\/#primaryimage\"},\"thumbnailUrl\":\"https:\\\/\\\/lucia-rapetti.com\\\/wp-content\\\/uploads\\\/2024\\\/11\\\/microbiote-peau-la-de.jpg\",\"datePublished\":\"2025-04-14T10:34:01+00:00\",\"dateModified\":\"2025-11-03T13:45:55+00:00\",\"description\":\"Le microbiote cutan\u00e9 est un alli\u00e9 invisible mais essentiel pour pr\u00e9server une peau saine et \u00e9clatante. Mais comment prendre soin de cet \u00e9quilibre fragile\u202f?\",\"breadcrumb\":{\"@id\":\"https:\\\/\\\/lucia-rapetti.com\\\/2025\\\/04\\\/14\\\/comment-renforcer-son-microbiote-cutane-au-quotidien\\\/#breadcrumb\"},\"inLanguage\":\"de\",\"potentialAction\":[{\"@type\":\"ReadAction\",\"target\":[\"https:\\\/\\\/lucia-rapetti.com\\\/2025\\\/04\\\/14\\\/comment-renforcer-son-microbiote-cutane-au-quotidien\\\/\"]}]},{\"@type\":\"ImageObject\",\"inLanguage\":\"de\",\"@id\":\"https:\\\/\\\/lucia-rapetti.com\\\/2025\\\/04\\\/14\\\/comment-renforcer-son-microbiote-cutane-au-quotidien\\\/#primaryimage\",\"url\":\"https:\\\/\\\/lucia-rapetti.com\\\/wp-content\\\/uploads\\\/2024\\\/11\\\/microbiote-peau-la-de.jpg\",\"contentUrl\":\"https:\\\/\\\/lucia-rapetti.com\\\/wp-content\\\/uploads\\\/2024\\\/11\\\/microbiote-peau-la-de.jpg\",\"width\":2121,\"height\":1414,\"caption\":\"microbiote peau sensible\"},{\"@type\":\"BreadcrumbList\",\"@id\":\"https:\\\/\\\/lucia-rapetti.com\\\/2025\\\/04\\\/14\\\/comment-renforcer-son-microbiote-cutane-au-quotidien\\\/#breadcrumb\",\"itemListElement\":[{\"@type\":\"ListItem\",\"position\":1,\"name\":\"Lucia Rapetti\",\"item\":\"https:\\\/\\\/lucia-rapetti.com\\\/\"},{\"@type\":\"ListItem\",\"position\":2,\"name\":\"Non class\u00e9\",\"item\":\"https:\\\/\\\/lucia-rapetti.com\\\/category\\\/non-classe\\\/\"},{\"@type\":\"ListItem\",\"position\":3,\"name\":\"Comment renforcer son microbiote cutan\u00e9 au quotidien ?\"}]},{\"@type\":\"WebSite\",\"@id\":\"https:\\\/\\\/lucia-rapetti.com\\\/#website\",\"url\":\"https:\\\/\\\/lucia-rapetti.com\\\/\",\"name\":\"Lucia Rapetti Laboratoire Naturel\",\"description\":\"Laboratoire de cosm\u00e9tique naturel et beaut\u00e9\",\"publisher\":{\"@id\":\"https:\\\/\\\/lucia-rapetti.com\\\/#organization\"},\"potentialAction\":[{\"@type\":\"SearchAction\",\"target\":{\"@type\":\"EntryPoint\",\"urlTemplate\":\"https:\\\/\\\/lucia-rapetti.com\\\/?s={search_term_string}\"},\"query-input\":{\"@type\":\"PropertyValueSpecification\",\"valueRequired\":true,\"valueName\":\"search_term_string\"}}],\"inLanguage\":\"de\"},{\"@type\":\"Organization\",\"@id\":\"https:\\\/\\\/lucia-rapetti.com\\\/#organization\",\"name\":\"Lucia Rapetti Laboratoire Naturel\",\"alternateName\":\"LR\",\"url\":\"https:\\\/\\\/lucia-rapetti.com\\\/\",\"logo\":{\"@type\":\"ImageObject\",\"inLanguage\":\"de\",\"@id\":\"https:\\\/\\\/lucia-rapetti.com\\\/#\\\/schema\\\/logo\\\/image\\\/\",\"url\":\"https:\\\/\\\/lucia-rapetti.com\\\/wp-content\\\/uploads\\\/2023\\\/04\\\/cropped-lucia-rapetti-logo-1.png\",\"contentUrl\":\"https:\\\/\\\/lucia-rapetti.com\\\/wp-content\\\/uploads\\\/2023\\\/04\\\/cropped-lucia-rapetti-logo-1.png\",\"width\":850,\"height\":142,\"caption\":\"Lucia Rapetti Laboratoire Naturel\"},\"image\":{\"@id\":\"https:\\\/\\\/lucia-rapetti.com\\\/#\\\/schema\\\/logo\\\/image\\\/\"},\"sameAs\":[\"https:\\\/\\\/www.facebook.com\\\/luciarapettiofficial\",\"https:\\\/\\\/www.instagram.com\\\/luciarapettiofficial\\\/\"]},{\"@type\":\"Person\",\"@id\":\"https:\\\/\\\/lucia-rapetti.com\\\/#\\\/schema\\\/person\\\/998552a7012c90388f667a7c785e867c\",\"name\":\"comanddesign\",\"image\":{\"@type\":\"ImageObject\",\"inLanguage\":\"de\",\"@id\":\"https:\\\/\\\/secure.gravatar.com\\\/avatar\\\/27c210af2472b79045a22c67a02dc2e84d697a703065450f2ac9a83e96d5036c?s=96&d=mm&r=g\",\"url\":\"https:\\\/\\\/secure.gravatar.com\\\/avatar\\\/27c210af2472b79045a22c67a02dc2e84d697a703065450f2ac9a83e96d5036c?s=96&d=mm&r=g\",\"contentUrl\":\"https:\\\/\\\/secure.gravatar.com\\\/avatar\\\/27c210af2472b79045a22c67a02dc2e84d697a703065450f2ac9a83e96d5036c?s=96&d=mm&r=g\",\"caption\":\"comanddesign\"},\"sameAs\":[\"https:\\\/\\\/client.comanddesign.com\"],\"url\":\"https:\\\/\\\/lucia-rapetti.com\\\/de\\\/author\\\/comanddesign\\\/\"}]}<\/script>\n<!-- \/ Yoast SEO plugin. -->","yoast_head_json":{"title":"Wie kann man seine Hautmikrobiota im Alltag st\u00e4rken?","description":"Die Mikrobiota der Haut ist ein unsichtbarer, aber wichtiger Verb\u00fcndeter, wenn es darum geht, eine gesunde und strahlende Haut zu bewahren. Aber wie pflegt man dieses empfindliche Gleichgewicht?","robots":{"index":"index","follow":"follow","max-snippet":"max-snippet:-1","max-image-preview":"max-image-preview:large","max-video-preview":"max-video-preview:-1"},"canonical":"https:\/\/lucia-rapetti.com\/de\/2025\/04\/14\/wie-man-seine-kutane-mikrobiota-im-alltag-starken-kann\/","og_locale":"de_DE","og_type":"article","og_title":"Comment renforcer son microbiote cutan\u00e9 au quotidien ?","og_description":"Le microbiote cutan\u00e9 est un alli\u00e9 invisible mais essentiel pour pr\u00e9server une peau saine et \u00e9clatante. Mais comment prendre soin de cet \u00e9quilibre fragile\u202f?","og_url":"https:\/\/lucia-rapetti.com\/de\/2025\/04\/14\/wie-man-seine-kutane-mikrobiota-im-alltag-starken-kann\/","og_site_name":"Lucia Rapetti Laboratoire Naturel","article_publisher":"https:\/\/www.facebook.com\/luciarapettiofficial","article_published_time":"2025-04-14T10:34:01+00:00","article_modified_time":"2025-11-03T13:45:55+00:00","og_image":[{"width":2121,"height":1414,"url":"https:\/\/lucia-rapetti.com\/wp-content\/uploads\/2024\/11\/microbiote-peau-la-de.jpg","type":"image\/jpeg"}],"author":"comanddesign","twitter_card":"summary_large_image","twitter_misc":{"Verfasst von":"comanddesign","Gesch\u00e4tzte Lesezeit":"3\u00a0Minuten"},"schema":{"@context":"https:\/\/schema.org","@graph":[{"@type":"Article","@id":"https:\/\/lucia-rapetti.com\/2025\/04\/14\/comment-renforcer-son-microbiote-cutane-au-quotidien\/#article","isPartOf":{"@id":"https:\/\/lucia-rapetti.com\/2025\/04\/14\/comment-renforcer-son-microbiote-cutane-au-quotidien\/"},"author":{"name":"comanddesign","@id":"https:\/\/lucia-rapetti.com\/#\/schema\/person\/998552a7012c90388f667a7c785e867c"},"headline":"Comment renforcer son microbiote cutan\u00e9 au quotidien ?","datePublished":"2025-04-14T10:34:01+00:00","dateModified":"2025-11-03T13:45:55+00:00","mainEntityOfPage":{"@id":"https:\/\/lucia-rapetti.com\/2025\/04\/14\/comment-renforcer-son-microbiote-cutane-au-quotidien\/"},"wordCount":448,"publisher":{"@id":"https:\/\/lucia-rapetti.com\/#organization"},"image":{"@id":"https:\/\/lucia-rapetti.com\/2025\/04\/14\/comment-renforcer-son-microbiote-cutane-au-quotidien\/#primaryimage"},"thumbnailUrl":"https:\/\/lucia-rapetti.com\/wp-content\/uploads\/2024\/11\/microbiote-peau-la-de.jpg","keywords":["Clean Beauty","Gammes","Produits"],"articleSection":["Non class\u00e9","Produits"],"inLanguage":"de"},{"@type":"WebPage","@id":"https:\/\/lucia-rapetti.com\/2025\/04\/14\/comment-renforcer-son-microbiote-cutane-au-quotidien\/","url":"https:\/\/lucia-rapetti.com\/2025\/04\/14\/comment-renforcer-son-microbiote-cutane-au-quotidien\/","name":"Wie kann man seine Hautmikrobiota im Alltag st\u00e4rken?","isPartOf":{"@id":"https:\/\/lucia-rapetti.com\/#website"},"primaryImageOfPage":{"@id":"https:\/\/lucia-rapetti.com\/2025\/04\/14\/comment-renforcer-son-microbiote-cutane-au-quotidien\/#primaryimage"},"image":{"@id":"https:\/\/lucia-rapetti.com\/2025\/04\/14\/comment-renforcer-son-microbiote-cutane-au-quotidien\/#primaryimage"},"thumbnailUrl":"https:\/\/lucia-rapetti.com\/wp-content\/uploads\/2024\/11\/microbiote-peau-la-de.jpg","datePublished":"2025-04-14T10:34:01+00:00","dateModified":"2025-11-03T13:45:55+00:00","description":"Die Mikrobiota der Haut ist ein unsichtbarer, aber wichtiger Verb\u00fcndeter, wenn es darum geht, eine gesunde und strahlende Haut zu bewahren. Aber wie pflegt man dieses empfindliche Gleichgewicht?","breadcrumb":{"@id":"https:\/\/lucia-rapetti.com\/2025\/04\/14\/comment-renforcer-son-microbiote-cutane-au-quotidien\/#breadcrumb"},"inLanguage":"de","potentialAction":[{"@type":"ReadAction","target":["https:\/\/lucia-rapetti.com\/2025\/04\/14\/comment-renforcer-son-microbiote-cutane-au-quotidien\/"]}]},{"@type":"ImageObject","inLanguage":"de","@id":"https:\/\/lucia-rapetti.com\/2025\/04\/14\/comment-renforcer-son-microbiote-cutane-au-quotidien\/#primaryimage","url":"https:\/\/lucia-rapetti.com\/wp-content\/uploads\/2024\/11\/microbiote-peau-la-de.jpg","contentUrl":"https:\/\/lucia-rapetti.com\/wp-content\/uploads\/2024\/11\/microbiote-peau-la-de.jpg","width":2121,"height":1414,"caption":"microbiote peau sensible"},{"@type":"BreadcrumbList","@id":"https:\/\/lucia-rapetti.com\/2025\/04\/14\/comment-renforcer-son-microbiote-cutane-au-quotidien\/#breadcrumb","itemListElement":[{"@type":"ListItem","position":1,"name":"Lucia Rapetti","item":"https:\/\/lucia-rapetti.com\/"},{"@type":"ListItem","position":2,"name":"Non class\u00e9","item":"https:\/\/lucia-rapetti.com\/category\/non-classe\/"},{"@type":"ListItem","position":3,"name":"Comment renforcer son microbiote cutan\u00e9 au quotidien ?"}]},{"@type":"WebSite","@id":"https:\/\/lucia-rapetti.com\/#website","url":"https:\/\/lucia-rapetti.com\/","name":"Lucia Rapetti Natural Laboratory","description":"Labor f\u00fcr Natur- und Sch\u00f6nheitskosmetik","publisher":{"@id":"https:\/\/lucia-rapetti.com\/#organization"},"potentialAction":[{"@type":"SearchAction","target":{"@type":"EntryPoint","urlTemplate":"https:\/\/lucia-rapetti.com\/?s={search_term_string}"},"query-input":{"@type":"PropertyValueSpecification","valueRequired":true,"valueName":"search_term_string"}}],"inLanguage":"de"},{"@type":"Organization","@id":"https:\/\/lucia-rapetti.com\/#organization","name":"Lucia Rapetti Natural Laboratory","alternateName":"LR","url":"https:\/\/lucia-rapetti.com\/","logo":{"@type":"ImageObject","inLanguage":"de","@id":"https:\/\/lucia-rapetti.com\/#\/schema\/logo\/image\/","url":"https:\/\/lucia-rapetti.com\/wp-content\/uploads\/2023\/04\/cropped-lucia-rapetti-logo-1.png","contentUrl":"https:\/\/lucia-rapetti.com\/wp-content\/uploads\/2023\/04\/cropped-lucia-rapetti-logo-1.png","width":850,"height":142,"caption":"Lucia Rapetti Laboratoire Naturel"},"image":{"@id":"https:\/\/lucia-rapetti.com\/#\/schema\/logo\/image\/"},"sameAs":["https:\/\/www.facebook.com\/luciarapettiofficial","https:\/\/www.instagram.com\/luciarapettiofficial\/"]},{"@type":"Person","@id":"https:\/\/lucia-rapetti.com\/#\/schema\/person\/998552a7012c90388f667a7c785e867c","name":"comanddesign","image":{"@type":"ImageObject","inLanguage":"de","@id":"https:\/\/secure.gravatar.com\/avatar\/27c210af2472b79045a22c67a02dc2e84d697a703065450f2ac9a83e96d5036c?s=96&d=mm&r=g","url":"https:\/\/secure.gravatar.com\/avatar\/27c210af2472b79045a22c67a02dc2e84d697a703065450f2ac9a83e96d5036c?s=96&d=mm&r=g","contentUrl":"https:\/\/secure.gravatar.com\/avatar\/27c210af2472b79045a22c67a02dc2e84d697a703065450f2ac9a83e96d5036c?s=96&d=mm&r=g","caption":"comanddesign"},"sameAs":["https:\/\/client.comanddesign.com"],"url":"https:\/\/lucia-rapetti.com\/de\/author\/comanddesign\/"}]}},"_links":{"self":[{"href":"https:\/\/lucia-rapetti.com\/de\/wp-json\/wp\/v2\/posts\/16311","targetHints":{"allow":["GET"]}}],"collection":[{"href":"https:\/\/lucia-rapetti.com\/de\/wp-json\/wp\/v2\/posts"}],"about":[{"href":"https:\/\/lucia-rapetti.com\/de\/wp-json\/wp\/v2\/types\/post"}],"author":[{"embeddable":true,"href":"https:\/\/lucia-rapetti.com\/de\/wp-json\/wp\/v2\/users\/1"}],"replies":[{"embeddable":true,"href":"https:\/\/lucia-rapetti.com\/de\/wp-json\/wp\/v2\/comments?post=16311"}],"version-history":[{"count":0,"href":"https:\/\/lucia-rapetti.com\/de\/wp-json\/wp\/v2\/posts\/16311\/revisions"}],"wp:featuredmedia":[{"embeddable":true,"href":"https:\/\/lucia-rapetti.com\/de\/wp-json\/wp\/v2\/media\/15950"}],"wp:attachment":[{"href":"https:\/\/lucia-rapetti.com\/de\/wp-json\/wp\/v2\/media?parent=16311"}],"wp:term":[{"taxonomy":"category","embeddable":true,"href":"https:\/\/lucia-rapetti.com\/de\/wp-json\/wp\/v2\/categories?post=16311"},{"taxonomy":"post_tag","embeddable":true,"href":"https:\/\/lucia-rapetti.com\/de\/wp-json\/wp\/v2\/tags?post=16311"}],"curies":[{"name":"wp","href":"https:\/\/api.w.org\/{rel}","templated":true}]}}